{"id":44550,"date":"2022-02-01T08:05:57","date_gmt":"2022-02-01T07:05:57","guid":{"rendered":"https:\/\/wordpress-783423-2671269.cloudwaysapps.com\/?p=44550"},"modified":"2022-04-22T08:38:42","modified_gmt":"2022-04-22T06:38:42","slug":"ir-2022-virtual-week-2","status":"publish","type":"post","link":"https:\/\/dev.cometis.de\/en\/ir-2022-virtual-week-2\/","title":{"rendered":"IR 2022 \u2013 Virtual Week"},"content":{"rendered":"<p>F\u00fcnf Tage und ein hochkar\u00e4tig besetztes Speaker-Programm lassen auch 2022 keine W\u00fcnsche offen. Von ShareID bis ESG, von Shareholder bis Stakeholder, von gegenw\u00e4rtigen Fragestellungen bis zu den Trends von morgen \u2013 lassen Sie sich inspirieren. Das vollst\u00e4ndige Programm finden Sie ab heute auf unserer Website.<\/p>\n","protected":false},"excerpt":{"rendered":"<p>F\u00fcnf Tage und ein hochkar\u00e4tig besetztes Speaker-Programm lassen auch 2022 keine W\u00fcnsche offen. Von ShareID bis ESG, von Shareholder bis Stakeholder, von gegenw\u00e4rtigen Fragestellungen bis zu den Trends von morgen \u2013 lassen Sie sich inspirieren. Das vollst\u00e4ndige Programm finden Sie ab heute auf unserer Website.<\/p>\n","protected":false},"author":24813,"featured_media":43946,"comment_status":"closed","ping_status":"closed","sticky":false,"template":"","format":"standard","meta":{"_acf_changed":false,"_et_pb_use_builder":"on","_et_pb_old_content":"","_et_gb_content_width":"","inline_featured_image":false,"footnotes":""},"categories":[],"tags":[],"class_list":["post-44550","post","type-post","status-publish","format-standard","has-post-thumbnail","hentry"],"acf":[],"yoast_head":"<!-- This site is optimized with the Yoast SEO plugin v24.5 - https:\/\/yoast.com\/wordpress\/plugins\/seo\/ -->\n<title>IR 2022 \u2013 Virtual Week - cometis AG<\/title>\n<meta name=\"robots\" content=\"noindex, follow, max-snippet:-1, max-image-preview:large, max-video-preview:-1\" \/>\n<meta property=\"og:locale\" content=\"en_US\" \/>\n<meta property=\"og:type\" content=\"article\" \/>\n<meta property=\"og:title\" content=\"IR 2022 \u2013 Virtual Week - cometis AG\" \/>\n<meta property=\"og:description\" content=\"F\u00fcnf Tage und ein hochkar\u00e4tig besetztes Speaker-Programm lassen auch 2022 keine W\u00fcnsche offen. Von ShareID bis ESG, von Shareholder bis Stakeholder, von gegenw\u00e4rtigen Fragestellungen bis zu den Trends von morgen \u2013 lassen Sie sich inspirieren. Das vollst\u00e4ndige Programm finden Sie ab heute auf unserer Website.\" \/>\n<meta property=\"og:url\" content=\"https:\/\/dev.cometis.de\/de\/ir-2022-virtual-week\/\" \/>\n<meta property=\"og:site_name\" content=\"cometis AG\" \/>\n<meta property=\"article:published_time\" content=\"2022-02-01T07:05:57+00:00\" \/>\n<meta property=\"article:modified_time\" content=\"2022-04-22T06:38:42+00:00\" \/>\n<meta property=\"og:image\" content=\"https:\/\/dev.cometis.de\/wp-content\/uploads\/2022\/01\/Image-41.jpg\" \/>\n\t<meta property=\"og:image:width\" content=\"950\" \/>\n\t<meta property=\"og:image:height\" content=\"396\" \/>\n\t<meta property=\"og:image:type\" content=\"image\/jpeg\" \/>\n<meta name=\"author\" content=\"Assistenz cometis AG\" \/>\n<meta name=\"twitter:card\" content=\"summary_large_image\" \/>\n<meta name=\"twitter:label1\" content=\"Written by\" \/>\n\t<meta name=\"twitter:data1\" content=\"Assistenz cometis AG\" \/>\n\t<meta name=\"twitter:label2\" content=\"Est. reading time\" \/>\n\t<meta name=\"twitter:data2\" content=\"1 minute\" \/>\n<script type=\"application\/ld+json\" class=\"yoast-schema-graph\">{\"@context\":\"https:\/\/schema.org\",\"@graph\":[{\"@type\":\"Article\",\"@id\":\"https:\/\/dev.cometis.de\/de\/ir-2022-virtual-week\/#article\",\"isPartOf\":{\"@id\":\"https:\/\/dev.cometis.de\/de\/ir-2022-virtual-week\/\"},\"author\":{\"name\":\"Assistenz cometis AG\",\"@id\":\"https:\/\/dev.cometis.de\/de\/#\/schema\/person\/0f6ec71e9167dd48a24950f3cc6b2003\"},\"headline\":\"IR 2022 \u2013 Virtual Week\",\"datePublished\":\"2022-02-01T07:05:57+00:00\",\"dateModified\":\"2022-04-22T06:38:42+00:00\",\"mainEntityOfPage\":{\"@id\":\"https:\/\/dev.cometis.de\/de\/ir-2022-virtual-week\/\"},\"wordCount\":51,\"publisher\":{\"@id\":\"https:\/\/dev.cometis.de\/de\/#organization\"},\"image\":{\"@id\":\"https:\/\/dev.cometis.de\/de\/ir-2022-virtual-week\/#primaryimage\"},\"thumbnailUrl\":\"https:\/\/dev.cometis.de\/wp-content\/uploads\/2022\/01\/Image-41.jpg\",\"inLanguage\":\"en-US\"},{\"@type\":\"WebPage\",\"@id\":\"https:\/\/dev.cometis.de\/de\/ir-2022-virtual-week\/\",\"url\":\"https:\/\/dev.cometis.de\/de\/ir-2022-virtual-week\/\",\"name\":\"IR 2022 \u2013 Virtual Week - cometis AG\",\"isPartOf\":{\"@id\":\"https:\/\/dev.cometis.de\/de\/#website\"},\"primaryImageOfPage\":{\"@id\":\"https:\/\/dev.cometis.de\/de\/ir-2022-virtual-week\/#primaryimage\"},\"image\":{\"@id\":\"https:\/\/dev.cometis.de\/de\/ir-2022-virtual-week\/#primaryimage\"},\"thumbnailUrl\":\"https:\/\/dev.cometis.de\/wp-content\/uploads\/2022\/01\/Image-41.jpg\",\"datePublished\":\"2022-02-01T07:05:57+00:00\",\"dateModified\":\"2022-04-22T06:38:42+00:00\",\"inLanguage\":\"en-US\",\"potentialAction\":[{\"@type\":\"ReadAction\",\"target\":[\"https:\/\/dev.cometis.de\/de\/ir-2022-virtual-week\/\"]}]},{\"@type\":\"ImageObject\",\"inLanguage\":\"en-US\",\"@id\":\"https:\/\/dev.cometis.de\/de\/ir-2022-virtual-week\/#primaryimage\",\"url\":\"https:\/\/dev.cometis.de\/wp-content\/uploads\/2022\/01\/Image-41.jpg\",\"contentUrl\":\"https:\/\/dev.cometis.de\/wp-content\/uploads\/2022\/01\/Image-41.jpg\",\"width\":950,\"height\":396,\"caption\":\"Image 41\"},{\"@type\":\"WebSite\",\"@id\":\"https:\/\/dev.cometis.de\/de\/#website\",\"url\":\"https:\/\/dev.cometis.de\/de\/\",\"name\":\"cometis AG\",\"description\":\"Deutschlands f\u00fchrende Investor Relations Agentur\",\"publisher\":{\"@id\":\"https:\/\/dev.cometis.de\/de\/#organization\"},\"potentialAction\":[{\"@type\":\"SearchAction\",\"target\":{\"@type\":\"EntryPoint\",\"urlTemplate\":\"https:\/\/dev.cometis.de\/de\/?s={search_term_string}\"},\"query-input\":{\"@type\":\"PropertyValueSpecification\",\"valueRequired\":true,\"valueName\":\"search_term_string\"}}],\"inLanguage\":\"en-US\"},{\"@type\":\"Organization\",\"@id\":\"https:\/\/dev.cometis.de\/de\/#organization\",\"name\":\"cometis AG\",\"alternateName\":\"Deutschlands f\u00fchrende Investor Relations Agentur\",\"url\":\"https:\/\/dev.cometis.de\/de\/\",\"logo\":{\"@type\":\"ImageObject\",\"inLanguage\":\"en-US\",\"@id\":\"https:\/\/dev.cometis.de\/de\/#\/schema\/logo\/image\/\",\"url\":\"https:\/\/dev.cometis.de\/wp-content\/uploads\/2022\/01\/Cometis-Mobile-Logo-1.png\",\"contentUrl\":\"https:\/\/dev.cometis.de\/wp-content\/uploads\/2022\/01\/Cometis-Mobile-Logo-1.png\",\"width\":171,\"height\":31,\"caption\":\"cometis AG\"},\"image\":{\"@id\":\"https:\/\/dev.cometis.de\/de\/#\/schema\/logo\/image\/\"}},{\"@type\":\"Person\",\"@id\":\"https:\/\/dev.cometis.de\/de\/#\/schema\/person\/0f6ec71e9167dd48a24950f3cc6b2003\",\"name\":\"Assistenz cometis AG\",\"image\":{\"@type\":\"ImageObject\",\"inLanguage\":\"en-US\",\"@id\":\"https:\/\/dev.cometis.de\/de\/#\/schema\/person\/image\/\",\"url\":\"https:\/\/secure.gravatar.com\/avatar\/d9db77bcddbfa0c99848135c21ae5b93?s=96&d=mm&r=g\",\"contentUrl\":\"https:\/\/secure.gravatar.com\/avatar\/d9db77bcddbfa0c99848135c21ae5b93?s=96&d=mm&r=g\",\"caption\":\"Assistenz cometis AG\"},\"url\":\"https:\/\/dev.cometis.de\/en\/author\/assistenz-cometis-ag\/\"}]}<\/script>\n<!-- \/ Yoast SEO plugin. -->","yoast_head_json":{"title":"IR 2022 \u2013 Virtual Week - cometis AG","robots":{"index":"noindex","follow":"follow","max-snippet":"max-snippet:-1","max-image-preview":"max-image-preview:large","max-video-preview":"max-video-preview:-1"},"og_locale":"en_US","og_type":"article","og_title":"IR 2022 \u2013 Virtual Week - cometis AG","og_description":"F\u00fcnf Tage und ein hochkar\u00e4tig besetztes Speaker-Programm lassen auch 2022 keine W\u00fcnsche offen. Von ShareID bis ESG, von Shareholder bis Stakeholder, von gegenw\u00e4rtigen Fragestellungen bis zu den Trends von morgen \u2013 lassen Sie sich inspirieren. Das vollst\u00e4ndige Programm finden Sie ab heute auf unserer Website.","og_url":"https:\/\/dev.cometis.de\/de\/ir-2022-virtual-week\/","og_site_name":"cometis AG","article_published_time":"2022-02-01T07:05:57+00:00","article_modified_time":"2022-04-22T06:38:42+00:00","og_image":[{"width":950,"height":396,"url":"https:\/\/dev.cometis.de\/wp-content\/uploads\/2022\/01\/Image-41.jpg","type":"image\/jpeg"}],"author":"Assistenz cometis AG","twitter_card":"summary_large_image","twitter_misc":{"Written by":"Assistenz cometis AG","Est. reading time":"1 minute"},"schema":{"@context":"https:\/\/schema.org","@graph":[{"@type":"Article","@id":"https:\/\/dev.cometis.de\/de\/ir-2022-virtual-week\/#article","isPartOf":{"@id":"https:\/\/dev.cometis.de\/de\/ir-2022-virtual-week\/"},"author":{"name":"Assistenz cometis AG","@id":"https:\/\/dev.cometis.de\/de\/#\/schema\/person\/0f6ec71e9167dd48a24950f3cc6b2003"},"headline":"IR 2022 \u2013 Virtual Week","datePublished":"2022-02-01T07:05:57+00:00","dateModified":"2022-04-22T06:38:42+00:00","mainEntityOfPage":{"@id":"https:\/\/dev.cometis.de\/de\/ir-2022-virtual-week\/"},"wordCount":51,"publisher":{"@id":"https:\/\/dev.cometis.de\/de\/#organization"},"image":{"@id":"https:\/\/dev.cometis.de\/de\/ir-2022-virtual-week\/#primaryimage"},"thumbnailUrl":"https:\/\/dev.cometis.de\/wp-content\/uploads\/2022\/01\/Image-41.jpg","inLanguage":"en-US"},{"@type":"WebPage","@id":"https:\/\/dev.cometis.de\/de\/ir-2022-virtual-week\/","url":"https:\/\/dev.cometis.de\/de\/ir-2022-virtual-week\/","name":"IR 2022 \u2013 Virtual Week - cometis AG","isPartOf":{"@id":"https:\/\/dev.cometis.de\/de\/#website"},"primaryImageOfPage":{"@id":"https:\/\/dev.cometis.de\/de\/ir-2022-virtual-week\/#primaryimage"},"image":{"@id":"https:\/\/dev.cometis.de\/de\/ir-2022-virtual-week\/#primaryimage"},"thumbnailUrl":"https:\/\/dev.cometis.de\/wp-content\/uploads\/2022\/01\/Image-41.jpg","datePublished":"2022-02-01T07:05:57+00:00","dateModified":"2022-04-22T06:38:42+00:00","inLanguage":"en-US","potentialAction":[{"@type":"ReadAction","target":["https:\/\/dev.cometis.de\/de\/ir-2022-virtual-week\/"]}]},{"@type":"ImageObject","inLanguage":"en-US","@id":"https:\/\/dev.cometis.de\/de\/ir-2022-virtual-week\/#primaryimage","url":"https:\/\/dev.cometis.de\/wp-content\/uploads\/2022\/01\/Image-41.jpg","contentUrl":"https:\/\/dev.cometis.de\/wp-content\/uploads\/2022\/01\/Image-41.jpg","width":950,"height":396,"caption":"Image 41"},{"@type":"WebSite","@id":"https:\/\/dev.cometis.de\/de\/#website","url":"https:\/\/dev.cometis.de\/de\/","name":"cometis AG","description":"Deutschlands f\u00fchrende Investor Relations Agentur","publisher":{"@id":"https:\/\/dev.cometis.de\/de\/#organization"},"potentialAction":[{"@type":"SearchAction","target":{"@type":"EntryPoint","urlTemplate":"https:\/\/dev.cometis.de\/de\/?s={search_term_string}"},"query-input":{"@type":"PropertyValueSpecification","valueRequired":true,"valueName":"search_term_string"}}],"inLanguage":"en-US"},{"@type":"Organization","@id":"https:\/\/dev.cometis.de\/de\/#organization","name":"cometis AG","alternateName":"Deutschlands f\u00fchrende Investor Relations Agentur","url":"https:\/\/dev.cometis.de\/de\/","logo":{"@type":"ImageObject","inLanguage":"en-US","@id":"https:\/\/dev.cometis.de\/de\/#\/schema\/logo\/image\/","url":"https:\/\/dev.cometis.de\/wp-content\/uploads\/2022\/01\/Cometis-Mobile-Logo-1.png","contentUrl":"https:\/\/dev.cometis.de\/wp-content\/uploads\/2022\/01\/Cometis-Mobile-Logo-1.png","width":171,"height":31,"caption":"cometis AG"},"image":{"@id":"https:\/\/dev.cometis.de\/de\/#\/schema\/logo\/image\/"}},{"@type":"Person","@id":"https:\/\/dev.cometis.de\/de\/#\/schema\/person\/0f6ec71e9167dd48a24950f3cc6b2003","name":"Assistenz cometis AG","image":{"@type":"ImageObject","inLanguage":"en-US","@id":"https:\/\/dev.cometis.de\/de\/#\/schema\/person\/image\/","url":"https:\/\/secure.gravatar.com\/avatar\/d9db77bcddbfa0c99848135c21ae5b93?s=96&d=mm&r=g","contentUrl":"https:\/\/secure.gravatar.com\/avatar\/d9db77bcddbfa0c99848135c21ae5b93?s=96&d=mm&r=g","caption":"Assistenz cometis AG"},"url":"https:\/\/dev.cometis.de\/en\/author\/assistenz-cometis-ag\/"}]}},"_links":{"self":[{"href":"https:\/\/dev.cometis.de\/en\/wp-json\/wp\/v2\/posts\/44550","targetHints":{"allow":["GET"]}}],"collection":[{"href":"https:\/\/dev.cometis.de\/en\/wp-json\/wp\/v2\/posts"}],"about":[{"href":"https:\/\/dev.cometis.de\/en\/wp-json\/wp\/v2\/types\/post"}],"author":[{"embeddable":true,"href":"https:\/\/dev.cometis.de\/en\/wp-json\/wp\/v2\/users\/24813"}],"replies":[{"embeddable":true,"href":"https:\/\/dev.cometis.de\/en\/wp-json\/wp\/v2\/comments?post=44550"}],"version-history":[{"count":2,"href":"https:\/\/dev.cometis.de\/en\/wp-json\/wp\/v2\/posts\/44550\/revisions"}],"predecessor-version":[{"id":77071,"href":"https:\/\/dev.cometis.de\/en\/wp-json\/wp\/v2\/posts\/44550\/revisions\/77071"}],"wp:featuredmedia":[{"embeddable":true,"href":"https:\/\/dev.cometis.de\/en\/wp-json\/wp\/v2\/media\/43946"}],"wp:attachment":[{"href":"https:\/\/dev.cometis.de\/en\/wp-json\/wp\/v2\/media?parent=44550"}],"wp:term":[{"taxonomy":"category","embeddable":true,"href":"https:\/\/dev.cometis.de\/en\/wp-json\/wp\/v2\/categories?post=44550"},{"taxonomy":"post_tag","embeddable":true,"href":"https:\/\/dev.cometis.de\/en\/wp-json\/wp\/v2\/tags?post=44550"}],"curies":[{"name":"wp","href":"https:\/\/api.w.org\/{rel}","templated":true}]}}