{"id":19855,"date":"2016-06-11T11:55:37","date_gmt":"2016-06-11T09:55:37","guid":{"rendered":"https:\/\/wordpress-783423-2671269.cloudwaysapps.com\/?p=19855"},"modified":"2022-03-10T05:23:59","modified_gmt":"2022-03-10T04:23:59","slug":"june-11-2016-manz-ag-preliminary-order-stop-in-the-energy-storage-segment-with-potential-impact-on-the-forecast-2016","status":"publish","type":"post","link":"https:\/\/dev.cometis.de\/en\/june-11-2016-manz-ag-preliminary-order-stop-in-the-energy-storage-segment-with-potential-impact-on-the-forecast-2016\/","title":{"rendered":"<span id=\"2016\" class=\"Postdate\">June 11, 2016<\/span> | Manz AG: Preliminary order stop in the Energy Storage segment with potential impact on the forecast 2016"},"content":{"rendered":"<p>[et_pb_section admin_label=&#8221;section&#8221;][et_pb_row admin_label=&#8221;Zeile&#8221; make_fullwidth=&#8221;off&#8221; use_custom_width=&#8221;off&#8221; width_unit=&#8221;on&#8221; use_custom_gutter=&#8221;off&#8221; custom_padding=&#8221;||0px|&#8221; padding_mobile=&#8221;off&#8221; allow_player_pause=&#8221;off&#8221; parallax=&#8221;off&#8221; parallax_method=&#8221;off&#8221; make_equal=&#8221;off&#8221; parallax_1=&#8221;off&#8221; parallax_method_1=&#8221;off&#8221; parallax_2=&#8221;off&#8221; parallax_method_2=&#8221;off&#8221; column_padding_mobile=&#8221;on&#8221;][et_pb_column type=&#8221;1_2&#8243;][et_pb_text admin_label=&#8221;Text&#8221; background_layout=&#8221;light&#8221; text_orientation=&#8221;left&#8221; use_border_color=&#8221;off&#8221; border_color=&#8221;#ffffff&#8221; border_style=&#8221;solid&#8221;]<\/p>\n<style>\n.zur\u00fcckbutton:before {\n    display: inline-block;\n    font-family: \"ETmodules\";\n    content: \"4a\";\n    color: #00225f;\n    margin-right: 7px;\n}\n.zur\u00fcckbutton:hover:before {\n    display: inline-block;\n    font-family: \"ETmodules\";\n    content: \"4a\";\n    color: #d85710;\n    margin-right: 7px;\n}\n<\/style>\n<h1 style=\"text-align: justify;\">Ad hoc news<\/h1>\n<p><a class=\"zur\u00fcckbutton\" href=\"https:\/\/dev.cometis.de\/en\/publication-archive-manz\">to the archive<\/a><\/p>\n<p>[\/et_pb_text][\/et_pb_column][et_pb_column type=&#8221;1_2&#8243;][et_pb_image admin_label=&#8221;Bild&#8221; src=&#8221;https:\/\/dev.cometis.de\/wp-content\/uploads\/2017\/06\/manz-AG.png&#8221; show_in_lightbox=&#8221;off&#8221; url_new_window=&#8221;off&#8221; use_overlay=&#8221;off&#8221; animation=&#8221;off&#8221; sticky=&#8221;off&#8221; align=&#8221;right&#8221; force_fullwidth=&#8221;off&#8221; always_center_on_mobile=&#8221;on&#8221; use_border_color=&#8221;off&#8221; border_color=&#8221;#ffffff&#8221; border_style=&#8221;solid&#8221;]<\/p>\n<p>[\/et_pb_image][\/et_pb_column][\/et_pb_row][et_pb_row admin_label=&#8221;row&#8221;][et_pb_column type=&#8221;4_4&#8243;][et_pb_text admin_label=&#8221;Text&#8221; background_layout=&#8221;light&#8221; text_orientation=&#8221;left&#8221; use_border_color=&#8221;off&#8221; border_color=&#8221;#ffffff&#8221; border_style=&#8221;solid&#8221; saved_tabs=&#8221;all&#8221;]<\/p>\n<h1>Manz AG: Preliminary order stop in the Energy Storage segment with potential impact on the forecast 2016<\/h1>\n<p><strong>Reutlingen, June 11, 2016<\/strong> &#8211; Last night Manz AG, Reutlingen, (ISIN: DE000A0JQ5U3) was informed by an major customer that the customer will stop a large project in the Energy Storage segment. In the short term, the Management Board of Manz AG will enter into discussions with the customer if this order will be accomplished at a later stage. A final statement on whether this contract will be postponed or cancelled and its potential impact on 2016 revenues and earnings guidance will be possible after final negotiations. Therefore there is the risk that the company`s previous expectation for 2016 \u2013 a significant<br \/>\nrevenue increase compared to revenues of EUR 222 million in fiscal year 2015 and a significantly improved earnings before interest and taxes (EBIT) compared to the EBIT of EUR -58.2 million in fiscal year 2015 \u2013 cannot be achieved. <\/p>\n<p>Additional information:<br \/>\nISIN: DE000A0JQ5U3<br \/>\nWKN: A0JQ5U<br \/>\nTicker symbol: M5Z<br \/>\nMarket segment: regulated market (Prime Standard) of the Frankfurt Stock Exchange<\/p>\n<p>Manz AG<br \/>\nSteig\u00e4ckerstrasse 5<br \/>\n72768 Reutlingen, Germany<br \/>\nGermany<\/p>\n<p><End of the Ad-hoc Announcement><\/p>\n<p>Investor relations contact<\/p>\n<p>cometis AG<br \/>\nUlrich Wiehle \/ Claudius Krause<br \/>\nTel.: +49 (0)611 \u2013 205855-28<br \/>\nFax: +49 (0)611 \u2013 205855-66<br \/>\nE-mail: krause@dev.cometis.de<\/p>\n<p>Manz AG<br \/>\nAxel Bartmann<br \/>\nTel.: +49 (0)7121 \u2013 9000-395<br \/>\nFax: +49 (0)7121 \u2013 9000-99<br \/>\nE-Mail: abartmann@manz.com<\/p>\n<p>[\/et_pb_text][et_pb_text admin_label=&#8221;Text&#8221; background_layout=&#8221;light&#8221; text_orientation=&#8221;left&#8221; use_border_color=&#8221;off&#8221; border_color=&#8221;#ffffff&#8221; border_style=&#8221;solid&#8221;]<\/p>\n<div class=\"leseprobe-archiv\"><a title=\"Post as PDF\" href=\"https:\/\/www.manz.com\/stella\/files\/e_Manz_ad_hoc_Auftragsstop-2016-06-11.pdf575c3f933b0d3\/e_Manz_ad_hoc_Auftragsstop-2016-06-11.pdf?download=1\" target=\"_blank\" rel=\"noopener\">Post as PDF<\/a><\/div>\n<style>\n.leseprobe-archiv {\n    color: #00225f !important;\n    border-color: #00225f;\n    position: relative;\n    padding: 0.3em 1em;\n    border: 1px solid;\n    -webkit-border-radius: 3px;\n    -moz-border-radius: 3px;\n    border-radius: 3px;\n   -webkit-transition: all 0.2s;\n    -moz-transition: all 0.2s;\n    transition: all 0.2s;\n    padding:10px;\n    width: 19%;\n    text-align: center;\n    margin-right: 10px;\n    float:left;\n}\n.leseprobe-archiv:hover {\n    background-color: #eee;\n    border-color: #ffffff;\n    cursor: pointer;\n}\n<\/style>\n<p>[\/et_pb_text][\/et_pb_column][\/et_pb_row][\/et_pb_section]<\/p>\n","protected":false},"excerpt":{"rendered":"<p>Ad hoc news to the archive Manz AG: Preliminary order stop in the Energy Storage segment with potential impact on the forecast 2016 Reutlingen, June 11, 2016 &#8211; Last night Manz AG, Reutlingen, (ISIN: DE000A0JQ5U3) was informed by an major customer that the customer will stop a large project in the Energy Storage segment. In [&hellip;]<\/p>\n","protected":false},"author":24813,"featured_media":54374,"comment_status":"closed","ping_status":"closed","sticky":false,"template":"","format":"standard","meta":{"_acf_changed":false,"_et_pb_use_builder":"on","_et_pb_old_content":"[et_pb_section admin_label=\"section\"][et_pb_row admin_label=\"Zeile\" make_fullwidth=\"off\" use_custom_width=\"off\" width_unit=\"on\" use_custom_gutter=\"off\" custom_padding=\"||0px|\" padding_mobile=\"off\" allow_player_pause=\"off\" parallax=\"off\" parallax_method=\"off\" make_equal=\"off\" parallax_1=\"off\" parallax_method_1=\"off\" parallax_2=\"off\" parallax_method_2=\"off\" column_padding_mobile=\"on\"][et_pb_column type=\"1_2\"][et_pb_text admin_label=\"Text\" background_layout=\"light\" text_orientation=\"left\" use_border_color=\"off\" border_color=\"#ffffff\" border_style=\"solid\"]\r\n\r\n<style>\r\n.zur\u00fcckbutton:before {\r\n    display: inline-block;\r\n    font-family: \"ETmodules\";\r\n    content: \"4a\";\r\n    color: #00225f;\r\n    margin-right: 7px;\r\n}\r\n.zur\u00fcckbutton:hover:before {\r\n    display: inline-block;\r\n    font-family: \"ETmodules\";\r\n    content: \"4a\";\r\n    color: #d85710;\r\n    margin-right: 7px;\r\n}\r\n<\/style>\r\n<h1 style=\"text-align: justify;\">Ad-Hoc-Mitteilungen<\/h1> <a class=\"zur\u00fcckbutton\" href=\"https:\/\/dev.cometis.de\/veroeffentlichungsarchiv-manz-ag\">zum Archiv<\/a>\r\n\r\n[\/et_pb_text][\/et_pb_column][et_pb_column type=\"1_2\"][et_pb_image admin_label=\"Bild\" src=\"https:\/\/dev.cometis.de\/wp-content\/uploads\/2017\/06\/manz-AG.png\" show_in_lightbox=\"off\" url_new_window=\"off\" use_overlay=\"off\" animation=\"off\" sticky=\"off\" align=\"right\" force_fullwidth=\"off\" always_center_on_mobile=\"on\" use_border_color=\"off\" border_color=\"#ffffff\" border_style=\"solid\"]\r\n\r\n\r\n\r\n[\/et_pb_image][\/et_pb_column][\/et_pb_row][et_pb_row admin_label=\"row\"][et_pb_column type=\"4_4\"][et_pb_text admin_label=\"Text\" background_layout=\"light\" text_orientation=\"left\" use_border_color=\"off\" border_color=\"#ffffff\" border_style=\"solid\" saved_tabs=\"all\"]\r\n\r\n<h1><strong>Manz AG: Vorl\u00e4ufiger Auftragsstopp im Bereich Energy Storage mit m\u00f6glichen Auswirkungen auf die Prognose 2016<\/strong><\/h1>\r\n<strong>11.06.2016\u00a0|\u00a0Reutlingen<\/strong>\r\n\r\nDie Manz AG, Reutlingen, (ISIN: DE000A0JQ5U3) wurde in der vergangenen Nacht von einem wichtigen Kunden dar\u00fcber informiert, dass der Kunde ein Gro\u00dfprojekt im Gesch\u00e4ftsbereich Energy Storage stoppt. Kurzfristig wird der Vorstand der Manz AG nun Gespr\u00e4che mit dem Kunden f\u00fchren, ob dieser Auftrag noch zu einem sp\u00e4teren Zeitpunkt erf\u00fcllt wird. Eine endg\u00fcltige Aussage, ob es zu einer Auftragsverschiebung oder -stornierung kommen wird und in welchem Umfang Umsatz und Ertrag im laufenden Gesch\u00e4ftsjahr dadurch belastet sein werden, kann der Vorstand der Manz AG erst nach finalem Abschluss der Gespr\u00e4che treffen. Es besteht insoweit das Risiko, dass die bisherige Erwartung der Gesellschaft, dass die Manz-Gruppe im Gesch\u00e4ftsjahr 2016 eine signifikante Steigerung des Umsatzes im Vergleich zu dem im Gesch\u00e4ftsjahr 2015 erzielten Umsatz von 222 Mio. EUR sowie ein signifikant verbessertes Ergebnisses vor Zinsen und Steuern (EBIT) im Vergleich zu dem im Gesch\u00e4ftsjahr 2015 erzielten EBIT von \u2013 58,2 Mio. EUR erzielen wird, nicht erreicht werden kann.\r\n\r\nZusatzinformationen:\r\n\r\nISIN: DE000A0JQ5U3\r\nWKN: A0JQ5U\r\nB\u00f6rsenk\u00fcrzel: M5Z\r\nMarktsegment: Regulierter Markt (Prime Standard) der Frankfurter Wertpapierb\u00f6rse\r\n\r\nManz AG\r\nSteig\u00e4ckerstra\u00dfe 5\r\n72768 Reutlingen\r\nDeutschland\r\n\r\n- Ende der Ad-hoc-Mitteilung -\r\n\r\n[\/et_pb_text][et_pb_text admin_label=\"Text\" background_layout=\"light\" text_orientation=\"left\" use_border_color=\"off\" border_color=\"#ffffff\" border_style=\"solid\"]\r\n\r\n<div class=\"leseprobe-archiv\"><a title=\"Beitrag als PDF\" href=\"https:\/\/www.manz.com\/stella\/files\/d_Manz_ad_hoc_Auftragsstop-2016-06-11.pdf575c3efc38dd7\/d_Manz_ad_hoc_Auftragsstop-2016-06-11.pdf?download=1\" target=\"_blank\">Beitrag als PDF<\/a><\/div>\r\n<style>\r\n.leseprobe-archiv {\r\n    color: #00225f !important;\r\n    border-color: #00225f;\r\n    position: relative;\r\n    padding: 0.3em 1em;\r\n    border: 1px solid;\r\n    -webkit-border-radius: 3px;\r\n    -moz-border-radius: 3px;\r\n    border-radius: 3px;\r\n   -webkit-transition: all 0.2s;\r\n    -moz-transition: all 0.2s;\r\n    transition: all 0.2s;\r\n    padding:10px;\r\n    width: 19%;\r\n    text-align: center;\r\n    margin-right: 10px;\r\n    float:left;\r\n}\r\n.leseprobe-archiv:hover {\r\n    background-color: #eee;\r\n    border-color: #ffffff;\r\n    cursor: pointer;\r\n}\r\n<\/style>\r\n\r\n[\/et_pb_text][\/et_pb_column][\/et_pb_row][\/et_pb_section]","_et_gb_content_width":"","inline_featured_image":false,"footnotes":""},"categories":[331,448],"tags":[491],"class_list":["post-19855","post","type-post","status-publish","format-standard","has-post-thumbnail","hentry","category-manz-ag-ad-hoc-news","category-news-en","tag-491"],"acf":[],"yoast_head":"<!-- This site is optimized with the Yoast SEO plugin v24.5 - https:\/\/yoast.com\/wordpress\/plugins\/seo\/ -->\n<title>June 11, 2016 | Manz AG: Preliminary order stop in the Energy Storage segment with potential impact on the forecast 2016 - cometis AG<\/title>\n<meta name=\"robots\" content=\"noindex, follow, max-snippet:-1, max-image-preview:large, max-video-preview:-1\" \/>\n<meta property=\"og:locale\" content=\"en_US\" \/>\n<meta property=\"og:type\" content=\"article\" \/>\n<meta property=\"og:title\" content=\"June 11, 2016 | Manz AG: Preliminary order stop in the Energy Storage segment with potential impact on the forecast 2016 - cometis AG\" \/>\n<meta property=\"og:description\" content=\"Ad hoc news to the archive Manz AG: Preliminary order stop in the Energy Storage segment with potential impact on the forecast 2016 Reutlingen, June 11, 2016 - Last night Manz AG, Reutlingen, (ISIN: DE000A0JQ5U3) was informed by an major customer that the customer will stop a large project in the Energy Storage segment. In [&hellip;]\" \/>\n<meta property=\"og:url\" content=\"https:\/\/dev.cometis.de\/de\/13-oktober-2016-manz-ag-erzielt-einigung-im-zusammenhang-mit-auftragsstopp-im-bereich-energy-storage-und-bestaetigt-prognose-2016\/\" \/>\n<meta property=\"og:site_name\" content=\"cometis AG\" \/>\n<meta property=\"article:published_time\" content=\"2016-06-11T09:55:37+00:00\" \/>\n<meta property=\"article:modified_time\" content=\"2022-03-10T04:23:59+00:00\" \/>\n<meta property=\"og:image\" content=\"https:\/\/dev.cometis.de\/wp-content\/uploads\/2022\/03\/icon_newsroom.svg\" \/>\n\t<meta property=\"og:image:width\" content=\"172\" \/>\n\t<meta property=\"og:image:height\" content=\"174\" \/>\n\t<meta property=\"og:image:type\" content=\"image\/png\" \/>\n<meta name=\"author\" content=\"Assistenz cometis AG\" \/>\n<meta name=\"twitter:card\" content=\"summary_large_image\" \/>\n<meta name=\"twitter:label1\" content=\"Written by\" \/>\n\t<meta name=\"twitter:data1\" content=\"Assistenz cometis AG\" \/>\n\t<meta name=\"twitter:label2\" content=\"Est. reading time\" \/>\n\t<meta name=\"twitter:data2\" content=\"2 minutes\" \/>\n<script type=\"application\/ld+json\" class=\"yoast-schema-graph\">{\"@context\":\"https:\/\/schema.org\",\"@graph\":[{\"@type\":\"Article\",\"@id\":\"https:\/\/dev.cometis.de\/de\/13-oktober-2016-manz-ag-erzielt-einigung-im-zusammenhang-mit-auftragsstopp-im-bereich-energy-storage-und-bestaetigt-prognose-2016\/#article\",\"isPartOf\":{\"@id\":\"https:\/\/dev.cometis.de\/de\/13-oktober-2016-manz-ag-erzielt-einigung-im-zusammenhang-mit-auftragsstopp-im-bereich-energy-storage-und-bestaetigt-prognose-2016\/\"},\"author\":{\"name\":\"Assistenz cometis AG\",\"@id\":\"https:\/\/dev.cometis.de\/de\/#\/schema\/person\/0f6ec71e9167dd48a24950f3cc6b2003\"},\"headline\":\"June 11, 2016 | Manz AG: Preliminary order stop in the Energy Storage segment with potential impact on the forecast 2016\",\"datePublished\":\"2016-06-11T09:55:37+00:00\",\"dateModified\":\"2022-03-10T04:23:59+00:00\",\"mainEntityOfPage\":{\"@id\":\"https:\/\/dev.cometis.de\/de\/13-oktober-2016-manz-ag-erzielt-einigung-im-zusammenhang-mit-auftragsstopp-im-bereich-energy-storage-und-bestaetigt-prognose-2016\/\"},\"wordCount\":465,\"publisher\":{\"@id\":\"https:\/\/dev.cometis.de\/de\/#organization\"},\"image\":{\"@id\":\"https:\/\/dev.cometis.de\/de\/13-oktober-2016-manz-ag-erzielt-einigung-im-zusammenhang-mit-auftragsstopp-im-bereich-energy-storage-und-bestaetigt-prognose-2016\/#primaryimage\"},\"thumbnailUrl\":\"https:\/\/dev.cometis.de\/wp-content\/uploads\/2022\/03\/icon_newsroom.svg\",\"keywords\":[\"2016\"],\"articleSection\":[\"Manz AG Ad-Hoc News\",\"News\"],\"inLanguage\":\"en-US\"},{\"@type\":\"WebPage\",\"@id\":\"https:\/\/dev.cometis.de\/de\/13-oktober-2016-manz-ag-erzielt-einigung-im-zusammenhang-mit-auftragsstopp-im-bereich-energy-storage-und-bestaetigt-prognose-2016\/\",\"url\":\"https:\/\/dev.cometis.de\/de\/13-oktober-2016-manz-ag-erzielt-einigung-im-zusammenhang-mit-auftragsstopp-im-bereich-energy-storage-und-bestaetigt-prognose-2016\/\",\"name\":\"June 11, 2016 | Manz AG: Preliminary order stop in the Energy Storage segment with potential impact on the forecast 2016 - cometis AG\",\"isPartOf\":{\"@id\":\"https:\/\/dev.cometis.de\/de\/#website\"},\"primaryImageOfPage\":{\"@id\":\"https:\/\/dev.cometis.de\/de\/13-oktober-2016-manz-ag-erzielt-einigung-im-zusammenhang-mit-auftragsstopp-im-bereich-energy-storage-und-bestaetigt-prognose-2016\/#primaryimage\"},\"image\":{\"@id\":\"https:\/\/dev.cometis.de\/de\/13-oktober-2016-manz-ag-erzielt-einigung-im-zusammenhang-mit-auftragsstopp-im-bereich-energy-storage-und-bestaetigt-prognose-2016\/#primaryimage\"},\"thumbnailUrl\":\"https:\/\/dev.cometis.de\/wp-content\/uploads\/2022\/03\/icon_newsroom.svg\",\"datePublished\":\"2016-06-11T09:55:37+00:00\",\"dateModified\":\"2022-03-10T04:23:59+00:00\",\"inLanguage\":\"en-US\",\"potentialAction\":[{\"@type\":\"ReadAction\",\"target\":[\"https:\/\/dev.cometis.de\/de\/13-oktober-2016-manz-ag-erzielt-einigung-im-zusammenhang-mit-auftragsstopp-im-bereich-energy-storage-und-bestaetigt-prognose-2016\/\"]}]},{\"@type\":\"ImageObject\",\"inLanguage\":\"en-US\",\"@id\":\"https:\/\/dev.cometis.de\/de\/13-oktober-2016-manz-ag-erzielt-einigung-im-zusammenhang-mit-auftragsstopp-im-bereich-energy-storage-und-bestaetigt-prognose-2016\/#primaryimage\",\"url\":\"https:\/\/dev.cometis.de\/wp-content\/uploads\/2022\/03\/icon_newsroom.svg\",\"contentUrl\":\"https:\/\/dev.cometis.de\/wp-content\/uploads\/2022\/03\/icon_newsroom.svg\",\"width\":172,\"height\":174,\"caption\":\"Icon Newsroom_news\"},{\"@type\":\"WebSite\",\"@id\":\"https:\/\/dev.cometis.de\/de\/#website\",\"url\":\"https:\/\/dev.cometis.de\/de\/\",\"name\":\"cometis AG\",\"description\":\"Deutschlands f\u00fchrende Investor Relations Agentur\",\"publisher\":{\"@id\":\"https:\/\/dev.cometis.de\/de\/#organization\"},\"potentialAction\":[{\"@type\":\"SearchAction\",\"target\":{\"@type\":\"EntryPoint\",\"urlTemplate\":\"https:\/\/dev.cometis.de\/de\/?s={search_term_string}\"},\"query-input\":{\"@type\":\"PropertyValueSpecification\",\"valueRequired\":true,\"valueName\":\"search_term_string\"}}],\"inLanguage\":\"en-US\"},{\"@type\":\"Organization\",\"@id\":\"https:\/\/dev.cometis.de\/de\/#organization\",\"name\":\"cometis AG\",\"alternateName\":\"Deutschlands f\u00fchrende Investor Relations Agentur\",\"url\":\"https:\/\/dev.cometis.de\/de\/\",\"logo\":{\"@type\":\"ImageObject\",\"inLanguage\":\"en-US\",\"@id\":\"https:\/\/dev.cometis.de\/de\/#\/schema\/logo\/image\/\",\"url\":\"https:\/\/dev.cometis.de\/wp-content\/uploads\/2022\/01\/Cometis-Mobile-Logo-1.png\",\"contentUrl\":\"https:\/\/dev.cometis.de\/wp-content\/uploads\/2022\/01\/Cometis-Mobile-Logo-1.png\",\"width\":171,\"height\":31,\"caption\":\"cometis AG\"},\"image\":{\"@id\":\"https:\/\/dev.cometis.de\/de\/#\/schema\/logo\/image\/\"}},{\"@type\":\"Person\",\"@id\":\"https:\/\/dev.cometis.de\/de\/#\/schema\/person\/0f6ec71e9167dd48a24950f3cc6b2003\",\"name\":\"Assistenz cometis AG\",\"image\":{\"@type\":\"ImageObject\",\"inLanguage\":\"en-US\",\"@id\":\"https:\/\/dev.cometis.de\/de\/#\/schema\/person\/image\/\",\"url\":\"https:\/\/secure.gravatar.com\/avatar\/d9db77bcddbfa0c99848135c21ae5b93?s=96&d=mm&r=g\",\"contentUrl\":\"https:\/\/secure.gravatar.com\/avatar\/d9db77bcddbfa0c99848135c21ae5b93?s=96&d=mm&r=g\",\"caption\":\"Assistenz cometis AG\"},\"url\":\"https:\/\/dev.cometis.de\/en\/author\/assistenz-cometis-ag\/\"}]}<\/script>\n<!-- \/ Yoast SEO plugin. -->","yoast_head_json":{"title":"June 11, 2016 | Manz AG: Preliminary order stop in the Energy Storage segment with potential impact on the forecast 2016 - cometis AG","robots":{"index":"noindex","follow":"follow","max-snippet":"max-snippet:-1","max-image-preview":"max-image-preview:large","max-video-preview":"max-video-preview:-1"},"og_locale":"en_US","og_type":"article","og_title":"June 11, 2016 | Manz AG: Preliminary order stop in the Energy Storage segment with potential impact on the forecast 2016 - cometis AG","og_description":"Ad hoc news to the archive Manz AG: Preliminary order stop in the Energy Storage segment with potential impact on the forecast 2016 Reutlingen, June 11, 2016 - Last night Manz AG, Reutlingen, (ISIN: DE000A0JQ5U3) was informed by an major customer that the customer will stop a large project in the Energy Storage segment. In [&hellip;]","og_url":"https:\/\/dev.cometis.de\/de\/13-oktober-2016-manz-ag-erzielt-einigung-im-zusammenhang-mit-auftragsstopp-im-bereich-energy-storage-und-bestaetigt-prognose-2016\/","og_site_name":"cometis AG","article_published_time":"2016-06-11T09:55:37+00:00","article_modified_time":"2022-03-10T04:23:59+00:00","og_image":[{"width":172,"height":174,"url":"https:\/\/dev.cometis.de\/wp-content\/uploads\/2022\/03\/icon_newsroom.svg","type":"image\/png"}],"author":"Assistenz cometis AG","twitter_card":"summary_large_image","twitter_misc":{"Written by":"Assistenz cometis AG","Est. reading time":"2 minutes"},"schema":{"@context":"https:\/\/schema.org","@graph":[{"@type":"Article","@id":"https:\/\/dev.cometis.de\/de\/13-oktober-2016-manz-ag-erzielt-einigung-im-zusammenhang-mit-auftragsstopp-im-bereich-energy-storage-und-bestaetigt-prognose-2016\/#article","isPartOf":{"@id":"https:\/\/dev.cometis.de\/de\/13-oktober-2016-manz-ag-erzielt-einigung-im-zusammenhang-mit-auftragsstopp-im-bereich-energy-storage-und-bestaetigt-prognose-2016\/"},"author":{"name":"Assistenz cometis AG","@id":"https:\/\/dev.cometis.de\/de\/#\/schema\/person\/0f6ec71e9167dd48a24950f3cc6b2003"},"headline":"June 11, 2016 | Manz AG: Preliminary order stop in the Energy Storage segment with potential impact on the forecast 2016","datePublished":"2016-06-11T09:55:37+00:00","dateModified":"2022-03-10T04:23:59+00:00","mainEntityOfPage":{"@id":"https:\/\/dev.cometis.de\/de\/13-oktober-2016-manz-ag-erzielt-einigung-im-zusammenhang-mit-auftragsstopp-im-bereich-energy-storage-und-bestaetigt-prognose-2016\/"},"wordCount":465,"publisher":{"@id":"https:\/\/dev.cometis.de\/de\/#organization"},"image":{"@id":"https:\/\/dev.cometis.de\/de\/13-oktober-2016-manz-ag-erzielt-einigung-im-zusammenhang-mit-auftragsstopp-im-bereich-energy-storage-und-bestaetigt-prognose-2016\/#primaryimage"},"thumbnailUrl":"https:\/\/dev.cometis.de\/wp-content\/uploads\/2022\/03\/icon_newsroom.svg","keywords":["2016"],"articleSection":["Manz AG Ad-Hoc News","News"],"inLanguage":"en-US"},{"@type":"WebPage","@id":"https:\/\/dev.cometis.de\/de\/13-oktober-2016-manz-ag-erzielt-einigung-im-zusammenhang-mit-auftragsstopp-im-bereich-energy-storage-und-bestaetigt-prognose-2016\/","url":"https:\/\/dev.cometis.de\/de\/13-oktober-2016-manz-ag-erzielt-einigung-im-zusammenhang-mit-auftragsstopp-im-bereich-energy-storage-und-bestaetigt-prognose-2016\/","name":"June 11, 2016 | Manz AG: Preliminary order stop in the Energy Storage segment with potential impact on the forecast 2016 - cometis AG","isPartOf":{"@id":"https:\/\/dev.cometis.de\/de\/#website"},"primaryImageOfPage":{"@id":"https:\/\/dev.cometis.de\/de\/13-oktober-2016-manz-ag-erzielt-einigung-im-zusammenhang-mit-auftragsstopp-im-bereich-energy-storage-und-bestaetigt-prognose-2016\/#primaryimage"},"image":{"@id":"https:\/\/dev.cometis.de\/de\/13-oktober-2016-manz-ag-erzielt-einigung-im-zusammenhang-mit-auftragsstopp-im-bereich-energy-storage-und-bestaetigt-prognose-2016\/#primaryimage"},"thumbnailUrl":"https:\/\/dev.cometis.de\/wp-content\/uploads\/2022\/03\/icon_newsroom.svg","datePublished":"2016-06-11T09:55:37+00:00","dateModified":"2022-03-10T04:23:59+00:00","inLanguage":"en-US","potentialAction":[{"@type":"ReadAction","target":["https:\/\/dev.cometis.de\/de\/13-oktober-2016-manz-ag-erzielt-einigung-im-zusammenhang-mit-auftragsstopp-im-bereich-energy-storage-und-bestaetigt-prognose-2016\/"]}]},{"@type":"ImageObject","inLanguage":"en-US","@id":"https:\/\/dev.cometis.de\/de\/13-oktober-2016-manz-ag-erzielt-einigung-im-zusammenhang-mit-auftragsstopp-im-bereich-energy-storage-und-bestaetigt-prognose-2016\/#primaryimage","url":"https:\/\/dev.cometis.de\/wp-content\/uploads\/2022\/03\/icon_newsroom.svg","contentUrl":"https:\/\/dev.cometis.de\/wp-content\/uploads\/2022\/03\/icon_newsroom.svg","width":172,"height":174,"caption":"Icon Newsroom_news"},{"@type":"WebSite","@id":"https:\/\/dev.cometis.de\/de\/#website","url":"https:\/\/dev.cometis.de\/de\/","name":"cometis AG","description":"Deutschlands f\u00fchrende Investor Relations Agentur","publisher":{"@id":"https:\/\/dev.cometis.de\/de\/#organization"},"potentialAction":[{"@type":"SearchAction","target":{"@type":"EntryPoint","urlTemplate":"https:\/\/dev.cometis.de\/de\/?s={search_term_string}"},"query-input":{"@type":"PropertyValueSpecification","valueRequired":true,"valueName":"search_term_string"}}],"inLanguage":"en-US"},{"@type":"Organization","@id":"https:\/\/dev.cometis.de\/de\/#organization","name":"cometis AG","alternateName":"Deutschlands f\u00fchrende Investor Relations Agentur","url":"https:\/\/dev.cometis.de\/de\/","logo":{"@type":"ImageObject","inLanguage":"en-US","@id":"https:\/\/dev.cometis.de\/de\/#\/schema\/logo\/image\/","url":"https:\/\/dev.cometis.de\/wp-content\/uploads\/2022\/01\/Cometis-Mobile-Logo-1.png","contentUrl":"https:\/\/dev.cometis.de\/wp-content\/uploads\/2022\/01\/Cometis-Mobile-Logo-1.png","width":171,"height":31,"caption":"cometis AG"},"image":{"@id":"https:\/\/dev.cometis.de\/de\/#\/schema\/logo\/image\/"}},{"@type":"Person","@id":"https:\/\/dev.cometis.de\/de\/#\/schema\/person\/0f6ec71e9167dd48a24950f3cc6b2003","name":"Assistenz cometis AG","image":{"@type":"ImageObject","inLanguage":"en-US","@id":"https:\/\/dev.cometis.de\/de\/#\/schema\/person\/image\/","url":"https:\/\/secure.gravatar.com\/avatar\/d9db77bcddbfa0c99848135c21ae5b93?s=96&d=mm&r=g","contentUrl":"https:\/\/secure.gravatar.com\/avatar\/d9db77bcddbfa0c99848135c21ae5b93?s=96&d=mm&r=g","caption":"Assistenz cometis AG"},"url":"https:\/\/dev.cometis.de\/en\/author\/assistenz-cometis-ag\/"}]}},"_links":{"self":[{"href":"https:\/\/dev.cometis.de\/en\/wp-json\/wp\/v2\/posts\/19855","targetHints":{"allow":["GET"]}}],"collection":[{"href":"https:\/\/dev.cometis.de\/en\/wp-json\/wp\/v2\/posts"}],"about":[{"href":"https:\/\/dev.cometis.de\/en\/wp-json\/wp\/v2\/types\/post"}],"author":[{"embeddable":true,"href":"https:\/\/dev.cometis.de\/en\/wp-json\/wp\/v2\/users\/24813"}],"replies":[{"embeddable":true,"href":"https:\/\/dev.cometis.de\/en\/wp-json\/wp\/v2\/comments?post=19855"}],"version-history":[{"count":0,"href":"https:\/\/dev.cometis.de\/en\/wp-json\/wp\/v2\/posts\/19855\/revisions"}],"wp:featuredmedia":[{"embeddable":true,"href":"https:\/\/dev.cometis.de\/en\/wp-json\/wp\/v2\/media\/54374"}],"wp:attachment":[{"href":"https:\/\/dev.cometis.de\/en\/wp-json\/wp\/v2\/media?parent=19855"}],"wp:term":[{"taxonomy":"category","embeddable":true,"href":"https:\/\/dev.cometis.de\/en\/wp-json\/wp\/v2\/categories?post=19855"},{"taxonomy":"post_tag","embeddable":true,"href":"https:\/\/dev.cometis.de\/en\/wp-json\/wp\/v2\/tags?post=19855"}],"curies":[{"name":"wp","href":"https:\/\/api.w.org\/{rel}","templated":true}]}}