{"id":26996,"date":"2019-06-28T09:00:33","date_gmt":"2019-06-28T07:00:33","guid":{"rendered":"https:\/\/wordpress-783423-2671269.cloudwaysapps.com\/?p=26996"},"modified":"2022-03-10T07:34:50","modified_gmt":"2022-03-10T06:34:50","slug":"cometis-kapitalmarktpanel-h1-2019-gruende-fuer-die-ipo-flaute-in-deutschland-ein-aktuelles-meinungsbild","status":"publish","type":"post","link":"https:\/\/dev.cometis.de\/de\/cometis-kapitalmarktpanel-h1-2019-gruende-fuer-die-ipo-flaute-in-deutschland-ein-aktuelles-meinungsbild\/","title":{"rendered":"Kapitalmarktpanel H1\/2019: Gr\u00fcnde f\u00fcr die IPO-Flaute in Deutschland \u2013 ein aktuelles Meinungsbild"},"content":{"rendered":"<p>[et_pb_section admin_label=&#8220;Sektion&#8220; global_module=&#8220;2286&#8243; fullwidth=&#8220;on&#8220; specialty=&#8220;off&#8220; transparent_background=&#8220;off&#8220; allow_player_pause=&#8220;off&#8220; inner_shadow=&#8220;off&#8220; parallax=&#8220;off&#8220; parallax_method=&#8220;off&#8220; padding_mobile=&#8220;off&#8220; make_fullwidth=&#8220;off&#8220; use_custom_width=&#8220;off&#8220; width_unit=&#8220;on&#8220; make_equal=&#8220;off&#8220; use_custom_gutter=&#8220;off&#8220; background_color=&#8220;#ffffff&#8220;][\/et_pb_section][et_pb_section admin_label=&#8220;section&#8220;][et_pb_row admin_label=&#8220;row&#8220;][et_pb_column type=&#8220;1_3&#8243;][et_pb_sidebar admin_label=&#8220;Seitenleiste&#8220; orientation=&#8220;left&#8220; area=&#8220;et_pb_widget_area_7&#8243; background_layout=&#8220;light&#8220; remove_border=&#8220;off&#8220;]<\/p>\n<p>[\/et_pb_sidebar][et_pb_text admin_label=&#8220;Text&#8220; background_layout=&#8220;light&#8220; text_orientation=&#8220;left&#8220; use_border_color=&#8220;off&#8220; border_color=&#8220;#ffffff&#8220; border_style=&#8220;solid&#8220;]<\/p>\n<h3><span style=\"color: #00225f;\">Ihr Ansprechpartner<\/span><\/h3>\n<div class=\"sidebar-cta\">\n<div class=\"sidebar-cta-img\">\n<div class=\"et_pb_team_member_image et-waypoint et_pb_animation_off et-animated\"><img decoding=\"async\" src=\"https:\/\/dev.cometis.de\/wp-content\/uploads\/2017\/12\/Thorben-Burbach-cometis-ag_WEB.jpg\" alt=\"Thorben Burbach\" \/><\/div>\n<\/div>\n<div class=\"sidebar-cta-info\">\n<div class=\"et_pb_team_member_description\">\n<h6>Thorben Burbach<\/h6>\n<div><a title=\"Rufen Sie an!\" href=\"tel:+49 611 20 58 55 18\"><span class=\"sidebar-phone-link\">+49 611 20 58 55 18<\/span><br \/>\n<\/a><a title=\"Schreiben Sie eine Mail!\" href=\"mailto:burbach@dev.cometis.de\"><span class=\"sidebar-mail-link\">burbach@dev.cometis.de<\/span><\/a><\/div>\n<p>&nbsp;<\/p>\n<\/div>\n<\/div>\n<\/div>\n<p>[\/et_pb_text][et_pb_contact_form admin_label=&#8220;Kontaktformular Burbach&#8220; saved_tabs=&#8220;all&#8220; captcha=&#8220;off&#8220; email=&#8220;burbach@gmail.com&#8220; title=&#8220;Kontaktieren Sie uns:&#8220; custom_message=&#8220;Name: %%Name%%<br \/>\nE-Mail: %%Email%%<br \/>\nAnfrage: %%Message%%&#8220; use_redirect=&#8220;off&#8220; success_message=&#8220;Vielen Dank f\u00fcr Ihre Nachricht!&#8220; input_border_radius=&#8220;0&#8243; form_field_font_size=&#8220;16&#8243; form_field_line_height=&#8220;1.5em&#8220; use_border_color=&#8220;off&#8220; border_color=&#8220;#ffffff&#8220; border_style=&#8220;solid&#8220; custom_button=&#8220;on&#8220; button_text_size=&#8220;16&#8243; button_border_width=&#8220;1&#8243; button_letter_spacing=&#8220;0&#8243; button_use_icon=&#8220;default&#8220; button_icon=&#8220;%%20%%&#8220; button_icon_color=&#8220;#d85710&#8243; button_icon_placement=&#8220;right&#8220; button_on_hover=&#8220;on&#8220; button_letter_spacing_hover=&#8220;0&#8243;]<\/p>\n<p>[et_pb_contact_field field_title=&#8220;Name&#8220; field_type=&#8220;input&#8220; field_id=&#8220;Name&#8220; required_mark=&#8220;on&#8220; fullwidth_field=&#8220;on&#8220; form_field_font_select=&#8220;default&#8220; form_field_font=&#8220;||||&#8220; use_border_color=&#8220;off&#8220; border_style=&#8220;solid&#8220;][\/et_pb_contact_field][et_pb_contact_field field_title=&#8220;E-Mail-Adresse&#8220; field_type=&#8220;email&#8220; field_id=&#8220;Email&#8220; required_mark=&#8220;on&#8220; fullwidth_field=&#8220;on&#8220; form_field_font_select=&#8220;default&#8220; form_field_font=&#8220;||||&#8220; use_border_color=&#8220;off&#8220; border_style=&#8220;solid&#8220;][\/et_pb_contact_field][et_pb_contact_field field_title=&#8220;Nachricht&#8220; field_type=&#8220;text&#8220; field_id=&#8220;Message&#8220; required_mark=&#8220;on&#8220; fullwidth_field=&#8220;on&#8220; form_field_font_select=&#8220;default&#8220; form_field_font=&#8220;||||&#8220; use_border_color=&#8220;off&#8220; border_style=&#8220;solid&#8220;][\/et_pb_contact_field]<\/p>\n<p>[\/et_pb_contact_form][\/et_pb_column][et_pb_column type=&#8220;2_3&#8243;][et_pb_post_title admin_label=&#8220;Posttitel&#8220; global_module=&#8220;2295&#8243; saved_tabs=&#8220;all&#8220; title=&#8220;on&#8220; meta=&#8220;on&#8220; author=&#8220;off&#8220; date=&#8220;on&#8220; date_format=&#8220;j M, Y&#8220; categories=&#8220;on&#8220; comments=&#8220;on&#8220; featured_image=&#8220;on&#8220; featured_placement=&#8220;below&#8220; parallax_effect=&#8220;on&#8220; parallax_method=&#8220;on&#8220; text_orientation=&#8220;left&#8220; text_color=&#8220;dark&#8220; text_background=&#8220;off&#8220; text_bg_color=&#8220;rgba(255,255,255,0.9)&#8220; module_bg_color=&#8220;rgba(255,255,255,0)&#8220; title_all_caps=&#8220;off&#8220; use_border_color=&#8220;off&#8220; border_color=&#8220;#ffffff&#8220; border_style=&#8220;solid&#8220;]<\/p>\n<p>[\/et_pb_post_title][et_pb_text admin_label=&#8220;Text&#8220; background_layout=&#8220;light&#8220; text_orientation=&#8220;left&#8220; use_border_color=&#8220;off&#8220; border_color=&#8220;#ffffff&#8220; border_style=&#8220;solid&#8220;]<\/p>\n<p>Wiesbaden, 28. Juni 2019 &#8211; Die cometis AG, eine der f\u00fchrenden Beratungsgesellschaften f\u00fcr Finanzkommunikation in Deutschland, hat <strong>heute die Ergebnisse<\/strong> ihres <strong>aktuellen Kapitalmarktpanels<\/strong> ver\u00f6ffentlicht. Die Umfrage zum ersten Halbjahr 2019 ging unter anderem der Frage nach, warum <strong>im Jahr 2019 bislang Flaute auf dem deutschen IPO-Markt<\/strong> herrscht. Au\u00dferdem gibt das aktuelle Panel einen Einblick, wie deutsche Kapitalmarktprofis und -experten die weitere Entwicklung bei B\u00f6rseng\u00e4ngen einsch\u00e4tzen.<\/p>\n<p><strong>Die wichtigsten Erkenntnisse im \u00dcberblick:<\/strong><\/p>\n<ul>\n<li style=\"list-style-type: none;\">\n<ul>\n<li>Nach Ansicht der befragten Kapitalmarktprofis sind die <strong>turbulenten Aktienm\u00e4rkte<\/strong> und die <strong>mangelnde Investitionsbereitschaft institutioneller Anleger die Hauptgr\u00fcnde f\u00fcr<\/strong> die <strong>maue IPO-Ausbeute.<\/strong> Zudem hemmen nach Ansicht der Befragten politische Unsicherheiten wie der Handelskrieg zwischen den USA und China sowie der Brexit m\u00f6gliche Kandidaten, den Schritt auf das B\u00f6rsenparkett zu wagen.<\/li>\n<li>Trotz des schwachen ersten Halbjahres 2019 haben die Befragten des Kapitalmarktpanels noch <strong>Hoffnung auf eine Belebung des IPO-Marktes:<\/strong> Knapp <strong>zwei Drittel<\/strong> erwarten 1 bis 5 B\u00f6rseng\u00e4nge im zweiten Halbjahr, das restliche Drittel sogar <strong>mehr als 5.<\/strong><\/li>\n<li>Die wichtigsten <strong>Einflussfaktoren<\/strong> f\u00fcr die Entwicklung des IPO-Marktes bleiben f\u00fcr die Teilnehmer des Kapitalmarktpanels <strong>das Kaufverhalten institutioneller Anleger,<\/strong> die <strong>Entwicklung der Leitindizes<\/strong> und die <strong>fundamentale Situation der IPO-Kandidaten.<\/strong><\/li>\n<li>Als <strong>Branche<\/strong> mit dem <strong>gr\u00f6\u00dften B\u00f6rsenpotenzial<\/strong> sehen die Befragten im zweiten Halbjahr 2019 erneut der <strong>Technologiesektor.<\/strong> Die Verliererbranchen des aktuellen Panels sind Versicherungen, Reise &amp; Freizeit, Rohstoffe und Haustechnik.<\/li>\n<li><\/li>\n<li>Die geringe IPO-Ausbeute im ersten Halbjahr 2019 spiegelt sich folglich auch im erwarteten <strong>Gesamtemissionsvolumen<\/strong> f\u00fcr das Gesamtjahr wider: Nur <strong>ein Drittel der Befragten<\/strong> erwartet 2019 ein <strong>Emissionsvolumen gr\u00f6\u00dfer als 4 Mrd. EUR.<\/strong><\/li>\n<\/ul>\n<\/li>\n<\/ul>\n<p>&nbsp;<\/p>\n<p><strong>\u00dcber das Kapitalmarktpanel<\/strong><br \/>\nBereits seit 2006 ver\u00f6ffentlicht cometis gemeinsam mit dem Medienpartner VDI Nachrichten halbj\u00e4hrlich das Kapitalmarktpanel, um zuk\u00fcnftige Trends an den Kapitalm\u00e4rkten zu analysieren und m\u00f6gliche Informationsdefizite aufzudecken. Teilnehmer dieses Panels sind insbesondere verantwortliche Manager aus dem Emissionsgesch\u00e4ft (Equity Capital Markets) namhafter deutscher und ausl\u00e4ndischer Banken. cometis evaluiert in diesem Rahmen die Themen, das Konzept und ist zudem f\u00fcr die Durchf\u00fchrung der Studie verantwortlich.<\/p>\n<p><a href=\"https:\/\/dev.cometis.de\/wp-content\/uploads\/2019\/06\/Kapitalmarktpanel-2019-H1_190627_web-2.png\" target=\"_blank\" rel=\"noopener noreferrer\"><img decoding=\"async\" src=\"https:\/\/dev.cometis.de\/wp-content\/uploads\/2019\/06\/Kapitalmarktpanel-2019-H1_190627_web-2.png\" alt=\"Kapitalmarktpanel Inforafik\" \/><\/a><\/p>\n<p>[\/et_pb_text][et_pb_text admin_label=&#8220;Text&#8220; background_layout=&#8220;light&#8220; text_orientation=&#8220;left&#8220; use_border_color=&#8220;off&#8220; border_color=&#8220;#ffffff&#8220; border_style=&#8220;solid&#8220;]<\/p>\n<div class=\"leseprobe-archiv\"><a title=\"Auswertung Kapitalmarktpanel H1\/2019\" href=\"https:\/\/dev.cometis.de\/wp-content\/uploads\/2019\/06\/d_cometis_Kapitalmarkt-Panel_I-2019.pdf\" target=\"_blank\" rel=\"noopener noreferrer\">Auswertung Kapitalmarktpanel H1\/2019<\/a><\/div>\n<style> .leseprobe-archiv {color: #00225f !important; border-color: #00225f; position: relative; padding: 0.3em 1em; border: 1px solid; -webkit-border-radius: 3px; -moz-border-radius: 3px; border-radius: 3px; -webkit-transition: all 0.2s; -moz-transition: all 0.2s; transition: all 0.2s; padding:10px; width: 100%; text-align: center; margin-right: 100px; margin-bottom: 50px; margin-top:20px; float:left;} .leseprobe-archiv:hover {background-color: #eee; border-color: #ffffff; cursor: pointer;}<\/style>\n<p>[\/et_pb_text][et_pb_button admin_label=&#8220;Taste&#8220; global_module=&#8220;9119&#8243; saved_tabs=&#8220;all&#8220; button_url=&#8220;https:\/\/dev.cometis.de\/cometis-ag\/news&#8220; url_new_window=&#8220;off&#8220; button_text=&#8220;Zur\u00fcck zum News Bereich&#8220; button_alignment=&#8220;right&#8220; background_layout=&#8220;dark&#8220; custom_button=&#8220;on&#8220; button_text_size=&#8220;14&#8243; button_text_color=&#8220;#0b099e&#8220; button_bg_color=&#8220;rgba(216,87,16,0)&#8220; button_border_color=&#8220;#160593&#8243; button_letter_spacing=&#8220;0&#8243; button_use_icon=&#8220;default&#8220; button_icon_placement=&#8220;right&#8220; button_on_hover=&#8220;on&#8220; button_letter_spacing_hover=&#8220;0&#8243; custom_css_main_element=&#8220;margin-top=%2210px%22&#8243;]<\/p>\n<p>[\/et_pb_button][\/et_pb_column][\/et_pb_row][\/et_pb_section]<\/p>\n","protected":false},"excerpt":{"rendered":"<p>Ihr Ansprechpartner Thorben Burbach +49 611 20 58 55 18 burbach@dev.cometis.de &nbsp; Wiesbaden, 28. Juni 2019 &#8211; Die cometis AG, eine der f\u00fchrenden Beratungsgesellschaften f\u00fcr Finanzkommunikation in Deutschland, hat heute die Ergebnisse ihres aktuellen Kapitalmarktpanels ver\u00f6ffentlicht. Die Umfrage zum ersten Halbjahr 2019 ging unter anderem der Frage nach, warum im Jahr 2019 bislang Flaute auf [&hellip;]<\/p>\n","protected":false},"author":24813,"featured_media":54373,"comment_status":"closed","ping_status":"closed","sticky":false,"template":"","format":"standard","meta":{"_acf_changed":false,"_et_pb_use_builder":"on","_et_pb_old_content":"","_et_gb_content_width":"","inline_featured_image":false,"footnotes":""},"categories":[447,88],"tags":[497],"class_list":["post-26996","post","type-post","status-publish","format-standard","has-post-thumbnail","hentry","category-news","category-pressemitteilung","tag-497"],"acf":[],"yoast_head":"<!-- This site is optimized with the Yoast SEO plugin v24.5 - https:\/\/yoast.com\/wordpress\/plugins\/seo\/ -->\n<title>Kapitalmarktpanel H1\/2019: Gr\u00fcnde f\u00fcr die IPO-Flaute in Deutschland \u2013 ein aktuelles Meinungsbild - cometis AG<\/title>\n<meta name=\"description\" content=\"Die cometis AG, eine der f\u00fchrenden Beratungsgesellschaften f\u00fcr Finanzkommunikation in Deutschland, hat heute die Ergebnisse ihres aktuellen Kapitalmarktpanels H1\/2019 ver\u00f6ffentlicht.\" \/>\n<meta name=\"robots\" content=\"noindex, follow, max-snippet:-1, max-image-preview:large, max-video-preview:-1\" \/>\n<meta property=\"og:locale\" content=\"de_DE\" \/>\n<meta property=\"og:type\" content=\"article\" \/>\n<meta property=\"og:title\" content=\"Kapitalmarktpanel H1\/2019: Gr\u00fcnde f\u00fcr die IPO-Flaute in Deutschland \u2013 ein aktuelles Meinungsbild - cometis AG\" \/>\n<meta property=\"og:description\" content=\"Die cometis AG, eine der f\u00fchrenden Beratungsgesellschaften f\u00fcr Finanzkommunikation in Deutschland, hat heute die Ergebnisse ihres aktuellen Kapitalmarktpanels H1\/2019 ver\u00f6ffentlicht.\" \/>\n<meta property=\"og:url\" content=\"https:\/\/dev.cometis.de\/de\/cometis-kapitalmarktpanel-h1-2019-gruende-fuer-die-ipo-flaute-in-deutschland-ein-aktuelles-meinungsbild\/\" \/>\n<meta property=\"og:site_name\" content=\"cometis AG\" \/>\n<meta property=\"article:published_time\" content=\"2019-06-28T07:00:33+00:00\" \/>\n<meta property=\"article:modified_time\" content=\"2022-03-10T06:34:50+00:00\" \/>\n<meta property=\"og:image\" content=\"https:\/\/dev.cometis.de\/wp-content\/uploads\/2022\/03\/icon_newsroom.svg\" \/>\n\t<meta property=\"og:image:width\" content=\"1\" \/>\n\t<meta property=\"og:image:height\" content=\"1\" \/>\n\t<meta property=\"og:image:type\" content=\"image\/png\" \/>\n<meta name=\"author\" content=\"Assistenz cometis AG\" \/>\n<meta name=\"twitter:card\" content=\"summary_large_image\" \/>\n<meta name=\"twitter:label1\" content=\"Verfasst von\" \/>\n\t<meta name=\"twitter:data1\" content=\"Assistenz cometis AG\" \/>\n\t<meta name=\"twitter:label2\" content=\"Gesch\u00e4tzte Lesezeit\" \/>\n\t<meta name=\"twitter:data2\" content=\"4\u00a0Minuten\" \/>\n<script type=\"application\/ld+json\" class=\"yoast-schema-graph\">{\"@context\":\"https:\/\/schema.org\",\"@graph\":[{\"@type\":\"Article\",\"@id\":\"https:\/\/dev.cometis.de\/de\/cometis-kapitalmarktpanel-h1-2019-gruende-fuer-die-ipo-flaute-in-deutschland-ein-aktuelles-meinungsbild\/#article\",\"isPartOf\":{\"@id\":\"https:\/\/dev.cometis.de\/de\/cometis-kapitalmarktpanel-h1-2019-gruende-fuer-die-ipo-flaute-in-deutschland-ein-aktuelles-meinungsbild\/\"},\"author\":{\"name\":\"Assistenz cometis AG\",\"@id\":\"https:\/\/dev.cometis.de\/de\/#\/schema\/person\/0f6ec71e9167dd48a24950f3cc6b2003\"},\"headline\":\"Kapitalmarktpanel H1\/2019: Gr\u00fcnde f\u00fcr die IPO-Flaute in Deutschland \u2013 ein aktuelles Meinungsbild\",\"datePublished\":\"2019-06-28T07:00:33+00:00\",\"dateModified\":\"2022-03-10T06:34:50+00:00\",\"mainEntityOfPage\":{\"@id\":\"https:\/\/dev.cometis.de\/de\/cometis-kapitalmarktpanel-h1-2019-gruende-fuer-die-ipo-flaute-in-deutschland-ein-aktuelles-meinungsbild\/\"},\"wordCount\":905,\"publisher\":{\"@id\":\"https:\/\/dev.cometis.de\/de\/#organization\"},\"image\":{\"@id\":\"https:\/\/dev.cometis.de\/de\/cometis-kapitalmarktpanel-h1-2019-gruende-fuer-die-ipo-flaute-in-deutschland-ein-aktuelles-meinungsbild\/#primaryimage\"},\"thumbnailUrl\":\"https:\/\/dev.cometis.de\/wp-content\/uploads\/2022\/03\/icon_newsroom.svg\",\"keywords\":[\"2019\"],\"articleSection\":[\"News\",\"Pressemitteilung\"],\"inLanguage\":\"de\"},{\"@type\":\"WebPage\",\"@id\":\"https:\/\/dev.cometis.de\/de\/cometis-kapitalmarktpanel-h1-2019-gruende-fuer-die-ipo-flaute-in-deutschland-ein-aktuelles-meinungsbild\/\",\"url\":\"https:\/\/dev.cometis.de\/de\/cometis-kapitalmarktpanel-h1-2019-gruende-fuer-die-ipo-flaute-in-deutschland-ein-aktuelles-meinungsbild\/\",\"name\":\"Kapitalmarktpanel H1\/2019: Gr\u00fcnde f\u00fcr die IPO-Flaute in Deutschland \u2013 ein aktuelles Meinungsbild - cometis AG\",\"isPartOf\":{\"@id\":\"https:\/\/dev.cometis.de\/de\/#website\"},\"primaryImageOfPage\":{\"@id\":\"https:\/\/dev.cometis.de\/de\/cometis-kapitalmarktpanel-h1-2019-gruende-fuer-die-ipo-flaute-in-deutschland-ein-aktuelles-meinungsbild\/#primaryimage\"},\"image\":{\"@id\":\"https:\/\/dev.cometis.de\/de\/cometis-kapitalmarktpanel-h1-2019-gruende-fuer-die-ipo-flaute-in-deutschland-ein-aktuelles-meinungsbild\/#primaryimage\"},\"thumbnailUrl\":\"https:\/\/dev.cometis.de\/wp-content\/uploads\/2022\/03\/icon_newsroom.svg\",\"datePublished\":\"2019-06-28T07:00:33+00:00\",\"dateModified\":\"2022-03-10T06:34:50+00:00\",\"description\":\"Die cometis AG, eine der f\u00fchrenden Beratungsgesellschaften f\u00fcr Finanzkommunikation in Deutschland, hat heute die Ergebnisse ihres aktuellen Kapitalmarktpanels H1\/2019 ver\u00f6ffentlicht.\",\"inLanguage\":\"de\",\"potentialAction\":[{\"@type\":\"ReadAction\",\"target\":[\"https:\/\/dev.cometis.de\/de\/cometis-kapitalmarktpanel-h1-2019-gruende-fuer-die-ipo-flaute-in-deutschland-ein-aktuelles-meinungsbild\/\"]}]},{\"@type\":\"ImageObject\",\"inLanguage\":\"de\",\"@id\":\"https:\/\/dev.cometis.de\/de\/cometis-kapitalmarktpanel-h1-2019-gruende-fuer-die-ipo-flaute-in-deutschland-ein-aktuelles-meinungsbild\/#primaryimage\",\"url\":\"https:\/\/dev.cometis.de\/wp-content\/uploads\/2022\/03\/icon_newsroom.svg\",\"contentUrl\":\"https:\/\/dev.cometis.de\/wp-content\/uploads\/2022\/03\/icon_newsroom.svg\",\"caption\":\"Icon Newsroom_news\"},{\"@type\":\"WebSite\",\"@id\":\"https:\/\/dev.cometis.de\/de\/#website\",\"url\":\"https:\/\/dev.cometis.de\/de\/\",\"name\":\"cometis AG\",\"description\":\"Deutschlands f\u00fchrende Investor Relations Agentur\",\"publisher\":{\"@id\":\"https:\/\/dev.cometis.de\/de\/#organization\"},\"potentialAction\":[{\"@type\":\"SearchAction\",\"target\":{\"@type\":\"EntryPoint\",\"urlTemplate\":\"https:\/\/dev.cometis.de\/de\/?s={search_term_string}\"},\"query-input\":{\"@type\":\"PropertyValueSpecification\",\"valueRequired\":true,\"valueName\":\"search_term_string\"}}],\"inLanguage\":\"de\"},{\"@type\":\"Organization\",\"@id\":\"https:\/\/dev.cometis.de\/de\/#organization\",\"name\":\"cometis AG\",\"alternateName\":\"Deutschlands f\u00fchrende Investor Relations Agentur\",\"url\":\"https:\/\/dev.cometis.de\/de\/\",\"logo\":{\"@type\":\"ImageObject\",\"inLanguage\":\"de\",\"@id\":\"https:\/\/dev.cometis.de\/de\/#\/schema\/logo\/image\/\",\"url\":\"https:\/\/dev.cometis.de\/wp-content\/uploads\/2022\/01\/Cometis-Mobile-Logo-1.png\",\"contentUrl\":\"https:\/\/dev.cometis.de\/wp-content\/uploads\/2022\/01\/Cometis-Mobile-Logo-1.png\",\"width\":171,\"height\":31,\"caption\":\"cometis AG\"},\"image\":{\"@id\":\"https:\/\/dev.cometis.de\/de\/#\/schema\/logo\/image\/\"}},{\"@type\":\"Person\",\"@id\":\"https:\/\/dev.cometis.de\/de\/#\/schema\/person\/0f6ec71e9167dd48a24950f3cc6b2003\",\"name\":\"Assistenz cometis AG\",\"image\":{\"@type\":\"ImageObject\",\"inLanguage\":\"de\",\"@id\":\"https:\/\/dev.cometis.de\/de\/#\/schema\/person\/image\/\",\"url\":\"https:\/\/secure.gravatar.com\/avatar\/d9db77bcddbfa0c99848135c21ae5b93?s=96&d=mm&r=g\",\"contentUrl\":\"https:\/\/secure.gravatar.com\/avatar\/d9db77bcddbfa0c99848135c21ae5b93?s=96&d=mm&r=g\",\"caption\":\"Assistenz cometis AG\"},\"url\":\"https:\/\/dev.cometis.de\/de\/author\/assistenz-cometis-ag\/\"}]}<\/script>\n<!-- \/ Yoast SEO plugin. -->","yoast_head_json":{"title":"Kapitalmarktpanel H1\/2019: Gr\u00fcnde f\u00fcr die IPO-Flaute in Deutschland \u2013 ein aktuelles Meinungsbild - cometis AG","description":"Die cometis AG, eine der f\u00fchrenden Beratungsgesellschaften f\u00fcr Finanzkommunikation in Deutschland, hat heute die Ergebnisse ihres aktuellen Kapitalmarktpanels H1\/2019 ver\u00f6ffentlicht.","robots":{"index":"noindex","follow":"follow","max-snippet":"max-snippet:-1","max-image-preview":"max-image-preview:large","max-video-preview":"max-video-preview:-1"},"og_locale":"de_DE","og_type":"article","og_title":"Kapitalmarktpanel H1\/2019: Gr\u00fcnde f\u00fcr die IPO-Flaute in Deutschland \u2013 ein aktuelles Meinungsbild - cometis AG","og_description":"Die cometis AG, eine der f\u00fchrenden Beratungsgesellschaften f\u00fcr Finanzkommunikation in Deutschland, hat heute die Ergebnisse ihres aktuellen Kapitalmarktpanels H1\/2019 ver\u00f6ffentlicht.","og_url":"https:\/\/dev.cometis.de\/de\/cometis-kapitalmarktpanel-h1-2019-gruende-fuer-die-ipo-flaute-in-deutschland-ein-aktuelles-meinungsbild\/","og_site_name":"cometis AG","article_published_time":"2019-06-28T07:00:33+00:00","article_modified_time":"2022-03-10T06:34:50+00:00","og_image":[{"url":"https:\/\/dev.cometis.de\/wp-content\/uploads\/2022\/03\/icon_newsroom.svg","width":1,"height":1,"type":"image\/png"}],"author":"Assistenz cometis AG","twitter_card":"summary_large_image","twitter_misc":{"Verfasst von":"Assistenz cometis AG","Gesch\u00e4tzte Lesezeit":"4\u00a0Minuten"},"schema":{"@context":"https:\/\/schema.org","@graph":[{"@type":"Article","@id":"https:\/\/dev.cometis.de\/de\/cometis-kapitalmarktpanel-h1-2019-gruende-fuer-die-ipo-flaute-in-deutschland-ein-aktuelles-meinungsbild\/#article","isPartOf":{"@id":"https:\/\/dev.cometis.de\/de\/cometis-kapitalmarktpanel-h1-2019-gruende-fuer-die-ipo-flaute-in-deutschland-ein-aktuelles-meinungsbild\/"},"author":{"name":"Assistenz cometis AG","@id":"https:\/\/dev.cometis.de\/de\/#\/schema\/person\/0f6ec71e9167dd48a24950f3cc6b2003"},"headline":"Kapitalmarktpanel H1\/2019: Gr\u00fcnde f\u00fcr die IPO-Flaute in Deutschland \u2013 ein aktuelles Meinungsbild","datePublished":"2019-06-28T07:00:33+00:00","dateModified":"2022-03-10T06:34:50+00:00","mainEntityOfPage":{"@id":"https:\/\/dev.cometis.de\/de\/cometis-kapitalmarktpanel-h1-2019-gruende-fuer-die-ipo-flaute-in-deutschland-ein-aktuelles-meinungsbild\/"},"wordCount":905,"publisher":{"@id":"https:\/\/dev.cometis.de\/de\/#organization"},"image":{"@id":"https:\/\/dev.cometis.de\/de\/cometis-kapitalmarktpanel-h1-2019-gruende-fuer-die-ipo-flaute-in-deutschland-ein-aktuelles-meinungsbild\/#primaryimage"},"thumbnailUrl":"https:\/\/dev.cometis.de\/wp-content\/uploads\/2022\/03\/icon_newsroom.svg","keywords":["2019"],"articleSection":["News","Pressemitteilung"],"inLanguage":"de"},{"@type":"WebPage","@id":"https:\/\/dev.cometis.de\/de\/cometis-kapitalmarktpanel-h1-2019-gruende-fuer-die-ipo-flaute-in-deutschland-ein-aktuelles-meinungsbild\/","url":"https:\/\/dev.cometis.de\/de\/cometis-kapitalmarktpanel-h1-2019-gruende-fuer-die-ipo-flaute-in-deutschland-ein-aktuelles-meinungsbild\/","name":"Kapitalmarktpanel H1\/2019: Gr\u00fcnde f\u00fcr die IPO-Flaute in Deutschland \u2013 ein aktuelles Meinungsbild - cometis AG","isPartOf":{"@id":"https:\/\/dev.cometis.de\/de\/#website"},"primaryImageOfPage":{"@id":"https:\/\/dev.cometis.de\/de\/cometis-kapitalmarktpanel-h1-2019-gruende-fuer-die-ipo-flaute-in-deutschland-ein-aktuelles-meinungsbild\/#primaryimage"},"image":{"@id":"https:\/\/dev.cometis.de\/de\/cometis-kapitalmarktpanel-h1-2019-gruende-fuer-die-ipo-flaute-in-deutschland-ein-aktuelles-meinungsbild\/#primaryimage"},"thumbnailUrl":"https:\/\/dev.cometis.de\/wp-content\/uploads\/2022\/03\/icon_newsroom.svg","datePublished":"2019-06-28T07:00:33+00:00","dateModified":"2022-03-10T06:34:50+00:00","description":"Die cometis AG, eine der f\u00fchrenden Beratungsgesellschaften f\u00fcr Finanzkommunikation in Deutschland, hat heute die Ergebnisse ihres aktuellen Kapitalmarktpanels H1\/2019 ver\u00f6ffentlicht.","inLanguage":"de","potentialAction":[{"@type":"ReadAction","target":["https:\/\/dev.cometis.de\/de\/cometis-kapitalmarktpanel-h1-2019-gruende-fuer-die-ipo-flaute-in-deutschland-ein-aktuelles-meinungsbild\/"]}]},{"@type":"ImageObject","inLanguage":"de","@id":"https:\/\/dev.cometis.de\/de\/cometis-kapitalmarktpanel-h1-2019-gruende-fuer-die-ipo-flaute-in-deutschland-ein-aktuelles-meinungsbild\/#primaryimage","url":"https:\/\/dev.cometis.de\/wp-content\/uploads\/2022\/03\/icon_newsroom.svg","contentUrl":"https:\/\/dev.cometis.de\/wp-content\/uploads\/2022\/03\/icon_newsroom.svg","caption":"Icon Newsroom_news"},{"@type":"WebSite","@id":"https:\/\/dev.cometis.de\/de\/#website","url":"https:\/\/dev.cometis.de\/de\/","name":"cometis AG","description":"Deutschlands f\u00fchrende Investor Relations Agentur","publisher":{"@id":"https:\/\/dev.cometis.de\/de\/#organization"},"potentialAction":[{"@type":"SearchAction","target":{"@type":"EntryPoint","urlTemplate":"https:\/\/dev.cometis.de\/de\/?s={search_term_string}"},"query-input":{"@type":"PropertyValueSpecification","valueRequired":true,"valueName":"search_term_string"}}],"inLanguage":"de"},{"@type":"Organization","@id":"https:\/\/dev.cometis.de\/de\/#organization","name":"cometis AG","alternateName":"Deutschlands f\u00fchrende Investor Relations Agentur","url":"https:\/\/dev.cometis.de\/de\/","logo":{"@type":"ImageObject","inLanguage":"de","@id":"https:\/\/dev.cometis.de\/de\/#\/schema\/logo\/image\/","url":"https:\/\/dev.cometis.de\/wp-content\/uploads\/2022\/01\/Cometis-Mobile-Logo-1.png","contentUrl":"https:\/\/dev.cometis.de\/wp-content\/uploads\/2022\/01\/Cometis-Mobile-Logo-1.png","width":171,"height":31,"caption":"cometis AG"},"image":{"@id":"https:\/\/dev.cometis.de\/de\/#\/schema\/logo\/image\/"}},{"@type":"Person","@id":"https:\/\/dev.cometis.de\/de\/#\/schema\/person\/0f6ec71e9167dd48a24950f3cc6b2003","name":"Assistenz cometis AG","image":{"@type":"ImageObject","inLanguage":"de","@id":"https:\/\/dev.cometis.de\/de\/#\/schema\/person\/image\/","url":"https:\/\/secure.gravatar.com\/avatar\/d9db77bcddbfa0c99848135c21ae5b93?s=96&d=mm&r=g","contentUrl":"https:\/\/secure.gravatar.com\/avatar\/d9db77bcddbfa0c99848135c21ae5b93?s=96&d=mm&r=g","caption":"Assistenz cometis AG"},"url":"https:\/\/dev.cometis.de\/de\/author\/assistenz-cometis-ag\/"}]}},"_links":{"self":[{"href":"https:\/\/dev.cometis.de\/de\/wp-json\/wp\/v2\/posts\/26996","targetHints":{"allow":["GET"]}}],"collection":[{"href":"https:\/\/dev.cometis.de\/de\/wp-json\/wp\/v2\/posts"}],"about":[{"href":"https:\/\/dev.cometis.de\/de\/wp-json\/wp\/v2\/types\/post"}],"author":[{"embeddable":true,"href":"https:\/\/dev.cometis.de\/de\/wp-json\/wp\/v2\/users\/24813"}],"replies":[{"embeddable":true,"href":"https:\/\/dev.cometis.de\/de\/wp-json\/wp\/v2\/comments?post=26996"}],"version-history":[{"count":0,"href":"https:\/\/dev.cometis.de\/de\/wp-json\/wp\/v2\/posts\/26996\/revisions"}],"wp:featuredmedia":[{"embeddable":true,"href":"https:\/\/dev.cometis.de\/de\/wp-json\/wp\/v2\/media\/54373"}],"wp:attachment":[{"href":"https:\/\/dev.cometis.de\/de\/wp-json\/wp\/v2\/media?parent=26996"}],"wp:term":[{"taxonomy":"category","embeddable":true,"href":"https:\/\/dev.cometis.de\/de\/wp-json\/wp\/v2\/categories?post=26996"},{"taxonomy":"post_tag","embeddable":true,"href":"https:\/\/dev.cometis.de\/de\/wp-json\/wp\/v2\/tags?post=26996"}],"curies":[{"name":"wp","href":"https:\/\/api.w.org\/{rel}","templated":true}]}}