{"id":24860,"date":"2019-03-20T17:56:13","date_gmt":"2019-03-20T16:56:13","guid":{"rendered":"https:\/\/wordpress-783423-2671269.cloudwaysapps.com\/?p=24860"},"modified":"2022-04-07T06:48:46","modified_gmt":"2022-04-07T04:48:46","slug":"podcast-zur-meldung12-maerz-2019-autodoc-geschaeftsfuehrer-alexej-erdle-im-interview","status":"publish","type":"post","link":"https:\/\/dev.cometis.de\/de\/podcast-zur-meldung12-maerz-2019-autodoc-geschaeftsfuehrer-alexej-erdle-im-interview\/","title":{"rendered":"Podcast zur Meldung 12. M\u00e4rz 2019 | AUTODOC Gesch\u00e4ftsf\u00fchrer Alexej Erdle im Interview"},"content":{"rendered":"<p>[et_pb_section fb_built=&#8220;1&#8243; custom_padding_last_edited=&#8220;on|desktop&#8220; admin_label=&#8220;Sektion&#8220; _builder_version=&#8220;4.16&#8243; background_color=&#8220;#ffffff&#8220; custom_padding=&#8220;0px|0px|0px|0px&#8220; custom_padding_tablet=&#8220;50px|0|50px|0&#8243; custom_padding_phone=&#8220;50px|0|50px|0&#8243; da_disable_devices=&#8220;off|off|off&#8220; transparent_background=&#8220;off&#8220; padding_mobile=&#8220;off&#8220; make_fullwidth=&#8220;off&#8220; use_custom_width=&#8220;off&#8220; width_unit=&#8220;on&#8220; global_colors_info=&#8220;{}&#8220; theme_builder_area=&#8220;post_content&#8220; da_is_popup=&#8220;off&#8220; da_exit_intent=&#8220;off&#8220; da_has_close=&#8220;on&#8220; da_alt_close=&#8220;off&#8220; da_dark_close=&#8220;off&#8220; da_not_modal=&#8220;on&#8220; da_is_singular=&#8220;off&#8220; da_with_loader=&#8220;off&#8220; da_has_shadow=&#8220;on&#8220;][et_pb_row admin_label=&#8220;Zeile&#8220; _builder_version=&#8220;4.16&#8243; background_size=&#8220;initial&#8220; background_position=&#8220;top_left&#8220; background_repeat=&#8220;repeat&#8220; global_colors_info=&#8220;{}&#8220; theme_builder_area=&#8220;post_content&#8220;][et_pb_column type=&#8220;4_4&#8243; _builder_version=&#8220;4.16&#8243; custom_padding=&#8220;|||&#8220; global_colors_info=&#8220;{}&#8220; custom_padding__hover=&#8220;|||&#8220; theme_builder_area=&#8220;post_content&#8220;][et_pb_post_title meta=&#8220;off&#8220; featured_image=&#8220;off&#8220; admin_label=&#8220;Posttitel&#8220; _builder_version=&#8220;4.16&#8243; title_all_caps=&#8220;off&#8220; background_color=&#8220;rgba(255,255,255,0)&#8220; parallax=&#8220;on&#8220; parallax_method=&#8220;off&#8220; parallax_effect=&#8220;on&#8220; module_bg_color=&#8220;rgba(255,255,255,0)&#8220; use_border_color=&#8220;off&#8220; border_color=&#8220;#ffffff&#8220; border_style=&#8220;solid&#8220; global_colors_info=&#8220;{}&#8220; theme_builder_area=&#8220;post_content&#8220;][\/et_pb_post_title][et_pb_text admin_label=&#8220;Text&#8220; _builder_version=&#8220;4.16.1&#8243; background_size=&#8220;initial&#8220; background_position=&#8220;top_left&#8220; background_repeat=&#8220;repeat&#8220; text_orientation=&#8220;left&#8220; hover_enabled=&#8220;0&#8243; use_border_color=&#8220;off&#8220; border_color=&#8220;#ffffff&#8220; border_style=&#8220;solid&#8220; global_colors_info=&#8220;{}&#8220; theme_builder_area=&#8220;post_content&#8220; sticky_enabled=&#8220;0&#8243;]<iframe src=\"https:\/\/dev.cometis.de\/wp-content\/uploads\/2019\/03\/Test_MFMD_190313.wav\" sandbox=\"\" ><\/iframe>[\/et_pb_text][\/et_pb_column][\/et_pb_row][\/et_pb_section]<\/p>\n","protected":false},"excerpt":{"rendered":"","protected":false},"author":24813,"featured_media":54373,"comment_status":"closed","ping_status":"closed","sticky":false,"template":"","format":"standard","meta":{"_acf_changed":false,"_et_pb_use_builder":"on","_et_pb_old_content":"https:\/\/dev.cometis.de\/wp-content\/uploads\/2019\/03\/Test_MFMD_190313.wav","_et_gb_content_width":"","inline_featured_image":false,"footnotes":""},"categories":[369,447],"tags":[497],"class_list":["post-24860","post","type-post","status-publish","format-standard","has-post-thumbnail","hentry","category-autodoc-podcast","category-news","tag-497"],"acf":[],"yoast_head":"<!-- This site is optimized with the Yoast SEO plugin v24.5 - https:\/\/yoast.com\/wordpress\/plugins\/seo\/ -->\n<title>Podcast zur Meldung 12. M\u00e4rz 2019 | AUTODOC Gesch\u00e4ftsf\u00fchrer Alexej Erdle im Interview - cometis AG<\/title>\n<meta name=\"robots\" content=\"noindex, follow, max-snippet:-1, max-image-preview:large, max-video-preview:-1\" \/>\n<meta property=\"og:locale\" content=\"de_DE\" \/>\n<meta property=\"og:type\" content=\"article\" \/>\n<meta property=\"og:title\" content=\"Podcast zur Meldung 12. M\u00e4rz 2019 | AUTODOC Gesch\u00e4ftsf\u00fchrer Alexej Erdle im Interview - cometis AG\" \/>\n<meta property=\"og:url\" content=\"https:\/\/dev.cometis.de\/de\/podcast-zur-meldung12-maerz-2019-autodoc-geschaeftsfuehrer-alexej-erdle-im-interview\/\" \/>\n<meta property=\"og:site_name\" content=\"cometis AG\" \/>\n<meta property=\"article:published_time\" content=\"2019-03-20T16:56:13+00:00\" \/>\n<meta property=\"article:modified_time\" content=\"2022-04-07T04:48:46+00:00\" \/>\n<meta property=\"og:image\" content=\"https:\/\/dev.cometis.de\/wp-content\/uploads\/2022\/03\/icon_newsroom.svg\" \/>\n\t<meta property=\"og:image:width\" content=\"1\" \/>\n\t<meta property=\"og:image:height\" content=\"1\" \/>\n\t<meta property=\"og:image:type\" content=\"image\/png\" \/>\n<meta name=\"author\" content=\"Assistenz cometis AG\" \/>\n<meta name=\"twitter:card\" content=\"summary_large_image\" \/>\n<meta name=\"twitter:label1\" content=\"Verfasst von\" \/>\n\t<meta name=\"twitter:data1\" content=\"Assistenz cometis AG\" \/>\n\t<meta name=\"twitter:label2\" content=\"Gesch\u00e4tzte Lesezeit\" \/>\n\t<meta name=\"twitter:data2\" content=\"1\u00a0Minute\" \/>\n<script type=\"application\/ld+json\" class=\"yoast-schema-graph\">{\"@context\":\"https:\/\/schema.org\",\"@graph\":[{\"@type\":\"Article\",\"@id\":\"https:\/\/dev.cometis.de\/de\/podcast-zur-meldung12-maerz-2019-autodoc-geschaeftsfuehrer-alexej-erdle-im-interview\/#article\",\"isPartOf\":{\"@id\":\"https:\/\/dev.cometis.de\/de\/podcast-zur-meldung12-maerz-2019-autodoc-geschaeftsfuehrer-alexej-erdle-im-interview\/\"},\"author\":{\"name\":\"Assistenz cometis AG\",\"@id\":\"https:\/\/dev.cometis.de\/de\/#\/schema\/person\/0f6ec71e9167dd48a24950f3cc6b2003\"},\"headline\":\"Podcast zur Meldung 12. M\u00e4rz 2019 | AUTODOC Gesch\u00e4ftsf\u00fchrer Alexej Erdle im Interview\",\"datePublished\":\"2019-03-20T16:56:13+00:00\",\"dateModified\":\"2022-04-07T04:48:46+00:00\",\"mainEntityOfPage\":{\"@id\":\"https:\/\/dev.cometis.de\/de\/podcast-zur-meldung12-maerz-2019-autodoc-geschaeftsfuehrer-alexej-erdle-im-interview\/\"},\"wordCount\":269,\"publisher\":{\"@id\":\"https:\/\/dev.cometis.de\/de\/#organization\"},\"image\":{\"@id\":\"https:\/\/dev.cometis.de\/de\/podcast-zur-meldung12-maerz-2019-autodoc-geschaeftsfuehrer-alexej-erdle-im-interview\/#primaryimage\"},\"thumbnailUrl\":\"https:\/\/dev.cometis.de\/wp-content\/uploads\/2022\/03\/icon_newsroom.svg\",\"keywords\":[\"2019\"],\"articleSection\":[\"Autodoc Podcast\",\"News\"],\"inLanguage\":\"de\"},{\"@type\":\"WebPage\",\"@id\":\"https:\/\/dev.cometis.de\/de\/podcast-zur-meldung12-maerz-2019-autodoc-geschaeftsfuehrer-alexej-erdle-im-interview\/\",\"url\":\"https:\/\/dev.cometis.de\/de\/podcast-zur-meldung12-maerz-2019-autodoc-geschaeftsfuehrer-alexej-erdle-im-interview\/\",\"name\":\"Podcast zur Meldung 12. M\u00e4rz 2019 | AUTODOC Gesch\u00e4ftsf\u00fchrer Alexej Erdle im Interview - cometis AG\",\"isPartOf\":{\"@id\":\"https:\/\/dev.cometis.de\/de\/#website\"},\"primaryImageOfPage\":{\"@id\":\"https:\/\/dev.cometis.de\/de\/podcast-zur-meldung12-maerz-2019-autodoc-geschaeftsfuehrer-alexej-erdle-im-interview\/#primaryimage\"},\"image\":{\"@id\":\"https:\/\/dev.cometis.de\/de\/podcast-zur-meldung12-maerz-2019-autodoc-geschaeftsfuehrer-alexej-erdle-im-interview\/#primaryimage\"},\"thumbnailUrl\":\"https:\/\/dev.cometis.de\/wp-content\/uploads\/2022\/03\/icon_newsroom.svg\",\"datePublished\":\"2019-03-20T16:56:13+00:00\",\"dateModified\":\"2022-04-07T04:48:46+00:00\",\"inLanguage\":\"de\",\"potentialAction\":[{\"@type\":\"ReadAction\",\"target\":[\"https:\/\/dev.cometis.de\/de\/podcast-zur-meldung12-maerz-2019-autodoc-geschaeftsfuehrer-alexej-erdle-im-interview\/\"]}]},{\"@type\":\"ImageObject\",\"inLanguage\":\"de\",\"@id\":\"https:\/\/dev.cometis.de\/de\/podcast-zur-meldung12-maerz-2019-autodoc-geschaeftsfuehrer-alexej-erdle-im-interview\/#primaryimage\",\"url\":\"https:\/\/dev.cometis.de\/wp-content\/uploads\/2022\/03\/icon_newsroom.svg\",\"contentUrl\":\"https:\/\/dev.cometis.de\/wp-content\/uploads\/2022\/03\/icon_newsroom.svg\",\"caption\":\"Icon Newsroom_news\"},{\"@type\":\"WebSite\",\"@id\":\"https:\/\/dev.cometis.de\/de\/#website\",\"url\":\"https:\/\/dev.cometis.de\/de\/\",\"name\":\"cometis AG\",\"description\":\"Deutschlands f\u00fchrende Investor Relations Agentur\",\"publisher\":{\"@id\":\"https:\/\/dev.cometis.de\/de\/#organization\"},\"potentialAction\":[{\"@type\":\"SearchAction\",\"target\":{\"@type\":\"EntryPoint\",\"urlTemplate\":\"https:\/\/dev.cometis.de\/de\/?s={search_term_string}\"},\"query-input\":{\"@type\":\"PropertyValueSpecification\",\"valueRequired\":true,\"valueName\":\"search_term_string\"}}],\"inLanguage\":\"de\"},{\"@type\":\"Organization\",\"@id\":\"https:\/\/dev.cometis.de\/de\/#organization\",\"name\":\"cometis AG\",\"alternateName\":\"Deutschlands f\u00fchrende Investor Relations Agentur\",\"url\":\"https:\/\/dev.cometis.de\/de\/\",\"logo\":{\"@type\":\"ImageObject\",\"inLanguage\":\"de\",\"@id\":\"https:\/\/dev.cometis.de\/de\/#\/schema\/logo\/image\/\",\"url\":\"https:\/\/dev.cometis.de\/wp-content\/uploads\/2022\/01\/Cometis-Mobile-Logo-1.png\",\"contentUrl\":\"https:\/\/dev.cometis.de\/wp-content\/uploads\/2022\/01\/Cometis-Mobile-Logo-1.png\",\"width\":171,\"height\":31,\"caption\":\"cometis AG\"},\"image\":{\"@id\":\"https:\/\/dev.cometis.de\/de\/#\/schema\/logo\/image\/\"}},{\"@type\":\"Person\",\"@id\":\"https:\/\/dev.cometis.de\/de\/#\/schema\/person\/0f6ec71e9167dd48a24950f3cc6b2003\",\"name\":\"Assistenz cometis AG\",\"image\":{\"@type\":\"ImageObject\",\"inLanguage\":\"de\",\"@id\":\"https:\/\/dev.cometis.de\/de\/#\/schema\/person\/image\/\",\"url\":\"https:\/\/secure.gravatar.com\/avatar\/d9db77bcddbfa0c99848135c21ae5b93?s=96&d=mm&r=g\",\"contentUrl\":\"https:\/\/secure.gravatar.com\/avatar\/d9db77bcddbfa0c99848135c21ae5b93?s=96&d=mm&r=g\",\"caption\":\"Assistenz cometis AG\"},\"url\":\"https:\/\/dev.cometis.de\/de\/author\/assistenz-cometis-ag\/\"}]}<\/script>\n<!-- \/ Yoast SEO plugin. -->","yoast_head_json":{"title":"Podcast zur Meldung 12. M\u00e4rz 2019 | AUTODOC Gesch\u00e4ftsf\u00fchrer Alexej Erdle im Interview - cometis AG","robots":{"index":"noindex","follow":"follow","max-snippet":"max-snippet:-1","max-image-preview":"max-image-preview:large","max-video-preview":"max-video-preview:-1"},"og_locale":"de_DE","og_type":"article","og_title":"Podcast zur Meldung 12. M\u00e4rz 2019 | AUTODOC Gesch\u00e4ftsf\u00fchrer Alexej Erdle im Interview - cometis AG","og_url":"https:\/\/dev.cometis.de\/de\/podcast-zur-meldung12-maerz-2019-autodoc-geschaeftsfuehrer-alexej-erdle-im-interview\/","og_site_name":"cometis AG","article_published_time":"2019-03-20T16:56:13+00:00","article_modified_time":"2022-04-07T04:48:46+00:00","og_image":[{"url":"https:\/\/dev.cometis.de\/wp-content\/uploads\/2022\/03\/icon_newsroom.svg","width":1,"height":1,"type":"image\/png"}],"author":"Assistenz cometis AG","twitter_card":"summary_large_image","twitter_misc":{"Verfasst von":"Assistenz cometis AG","Gesch\u00e4tzte Lesezeit":"1\u00a0Minute"},"schema":{"@context":"https:\/\/schema.org","@graph":[{"@type":"Article","@id":"https:\/\/dev.cometis.de\/de\/podcast-zur-meldung12-maerz-2019-autodoc-geschaeftsfuehrer-alexej-erdle-im-interview\/#article","isPartOf":{"@id":"https:\/\/dev.cometis.de\/de\/podcast-zur-meldung12-maerz-2019-autodoc-geschaeftsfuehrer-alexej-erdle-im-interview\/"},"author":{"name":"Assistenz cometis AG","@id":"https:\/\/dev.cometis.de\/de\/#\/schema\/person\/0f6ec71e9167dd48a24950f3cc6b2003"},"headline":"Podcast zur Meldung 12. M\u00e4rz 2019 | AUTODOC Gesch\u00e4ftsf\u00fchrer Alexej Erdle im Interview","datePublished":"2019-03-20T16:56:13+00:00","dateModified":"2022-04-07T04:48:46+00:00","mainEntityOfPage":{"@id":"https:\/\/dev.cometis.de\/de\/podcast-zur-meldung12-maerz-2019-autodoc-geschaeftsfuehrer-alexej-erdle-im-interview\/"},"wordCount":269,"publisher":{"@id":"https:\/\/dev.cometis.de\/de\/#organization"},"image":{"@id":"https:\/\/dev.cometis.de\/de\/podcast-zur-meldung12-maerz-2019-autodoc-geschaeftsfuehrer-alexej-erdle-im-interview\/#primaryimage"},"thumbnailUrl":"https:\/\/dev.cometis.de\/wp-content\/uploads\/2022\/03\/icon_newsroom.svg","keywords":["2019"],"articleSection":["Autodoc Podcast","News"],"inLanguage":"de"},{"@type":"WebPage","@id":"https:\/\/dev.cometis.de\/de\/podcast-zur-meldung12-maerz-2019-autodoc-geschaeftsfuehrer-alexej-erdle-im-interview\/","url":"https:\/\/dev.cometis.de\/de\/podcast-zur-meldung12-maerz-2019-autodoc-geschaeftsfuehrer-alexej-erdle-im-interview\/","name":"Podcast zur Meldung 12. M\u00e4rz 2019 | AUTODOC Gesch\u00e4ftsf\u00fchrer Alexej Erdle im Interview - cometis AG","isPartOf":{"@id":"https:\/\/dev.cometis.de\/de\/#website"},"primaryImageOfPage":{"@id":"https:\/\/dev.cometis.de\/de\/podcast-zur-meldung12-maerz-2019-autodoc-geschaeftsfuehrer-alexej-erdle-im-interview\/#primaryimage"},"image":{"@id":"https:\/\/dev.cometis.de\/de\/podcast-zur-meldung12-maerz-2019-autodoc-geschaeftsfuehrer-alexej-erdle-im-interview\/#primaryimage"},"thumbnailUrl":"https:\/\/dev.cometis.de\/wp-content\/uploads\/2022\/03\/icon_newsroom.svg","datePublished":"2019-03-20T16:56:13+00:00","dateModified":"2022-04-07T04:48:46+00:00","inLanguage":"de","potentialAction":[{"@type":"ReadAction","target":["https:\/\/dev.cometis.de\/de\/podcast-zur-meldung12-maerz-2019-autodoc-geschaeftsfuehrer-alexej-erdle-im-interview\/"]}]},{"@type":"ImageObject","inLanguage":"de","@id":"https:\/\/dev.cometis.de\/de\/podcast-zur-meldung12-maerz-2019-autodoc-geschaeftsfuehrer-alexej-erdle-im-interview\/#primaryimage","url":"https:\/\/dev.cometis.de\/wp-content\/uploads\/2022\/03\/icon_newsroom.svg","contentUrl":"https:\/\/dev.cometis.de\/wp-content\/uploads\/2022\/03\/icon_newsroom.svg","caption":"Icon Newsroom_news"},{"@type":"WebSite","@id":"https:\/\/dev.cometis.de\/de\/#website","url":"https:\/\/dev.cometis.de\/de\/","name":"cometis AG","description":"Deutschlands f\u00fchrende Investor Relations Agentur","publisher":{"@id":"https:\/\/dev.cometis.de\/de\/#organization"},"potentialAction":[{"@type":"SearchAction","target":{"@type":"EntryPoint","urlTemplate":"https:\/\/dev.cometis.de\/de\/?s={search_term_string}"},"query-input":{"@type":"PropertyValueSpecification","valueRequired":true,"valueName":"search_term_string"}}],"inLanguage":"de"},{"@type":"Organization","@id":"https:\/\/dev.cometis.de\/de\/#organization","name":"cometis AG","alternateName":"Deutschlands f\u00fchrende Investor Relations Agentur","url":"https:\/\/dev.cometis.de\/de\/","logo":{"@type":"ImageObject","inLanguage":"de","@id":"https:\/\/dev.cometis.de\/de\/#\/schema\/logo\/image\/","url":"https:\/\/dev.cometis.de\/wp-content\/uploads\/2022\/01\/Cometis-Mobile-Logo-1.png","contentUrl":"https:\/\/dev.cometis.de\/wp-content\/uploads\/2022\/01\/Cometis-Mobile-Logo-1.png","width":171,"height":31,"caption":"cometis AG"},"image":{"@id":"https:\/\/dev.cometis.de\/de\/#\/schema\/logo\/image\/"}},{"@type":"Person","@id":"https:\/\/dev.cometis.de\/de\/#\/schema\/person\/0f6ec71e9167dd48a24950f3cc6b2003","name":"Assistenz cometis AG","image":{"@type":"ImageObject","inLanguage":"de","@id":"https:\/\/dev.cometis.de\/de\/#\/schema\/person\/image\/","url":"https:\/\/secure.gravatar.com\/avatar\/d9db77bcddbfa0c99848135c21ae5b93?s=96&d=mm&r=g","contentUrl":"https:\/\/secure.gravatar.com\/avatar\/d9db77bcddbfa0c99848135c21ae5b93?s=96&d=mm&r=g","caption":"Assistenz cometis AG"},"url":"https:\/\/dev.cometis.de\/de\/author\/assistenz-cometis-ag\/"}]}},"_links":{"self":[{"href":"https:\/\/dev.cometis.de\/de\/wp-json\/wp\/v2\/posts\/24860","targetHints":{"allow":["GET"]}}],"collection":[{"href":"https:\/\/dev.cometis.de\/de\/wp-json\/wp\/v2\/posts"}],"about":[{"href":"https:\/\/dev.cometis.de\/de\/wp-json\/wp\/v2\/types\/post"}],"author":[{"embeddable":true,"href":"https:\/\/dev.cometis.de\/de\/wp-json\/wp\/v2\/users\/24813"}],"replies":[{"embeddable":true,"href":"https:\/\/dev.cometis.de\/de\/wp-json\/wp\/v2\/comments?post=24860"}],"version-history":[{"count":3,"href":"https:\/\/dev.cometis.de\/de\/wp-json\/wp\/v2\/posts\/24860\/revisions"}],"predecessor-version":[{"id":62595,"href":"https:\/\/dev.cometis.de\/de\/wp-json\/wp\/v2\/posts\/24860\/revisions\/62595"}],"wp:featuredmedia":[{"embeddable":true,"href":"https:\/\/dev.cometis.de\/de\/wp-json\/wp\/v2\/media\/54373"}],"wp:attachment":[{"href":"https:\/\/dev.cometis.de\/de\/wp-json\/wp\/v2\/media?parent=24860"}],"wp:term":[{"taxonomy":"category","embeddable":true,"href":"https:\/\/dev.cometis.de\/de\/wp-json\/wp\/v2\/categories?post=24860"},{"taxonomy":"post_tag","embeddable":true,"href":"https:\/\/dev.cometis.de\/de\/wp-json\/wp\/v2\/tags?post=24860"}],"curies":[{"name":"wp","href":"https:\/\/api.w.org\/{rel}","templated":true}]}}