{"id":24512,"date":"2019-03-20T09:00:15","date_gmt":"2019-03-20T08:00:15","guid":{"rendered":"https:\/\/wordpress-783423-2671269.cloudwaysapps.com\/?p=24512"},"modified":"2022-03-10T07:24:00","modified_gmt":"2022-03-10T06:24:00","slug":"energiewende-weniger-ideologie-und-mehr-effizienz-gefordert","status":"publish","type":"post","link":"https:\/\/dev.cometis.de\/de\/energiewende-weniger-ideologie-und-mehr-effizienz-gefordert\/","title":{"rendered":"Energiewende: Weniger Ideologie und mehr Effizienz gefordert"},"content":{"rendered":"<p>[et_pb_section admin_label=&#8220;Sektion&#8220; global_module=&#8220;2286&#8243; fullwidth=&#8220;on&#8220; specialty=&#8220;off&#8220; transparent_background=&#8220;off&#8220; allow_player_pause=&#8220;off&#8220; inner_shadow=&#8220;off&#8220; parallax=&#8220;off&#8220; parallax_method=&#8220;off&#8220; padding_mobile=&#8220;off&#8220; make_fullwidth=&#8220;off&#8220; use_custom_width=&#8220;off&#8220; width_unit=&#8220;on&#8220; make_equal=&#8220;off&#8220; use_custom_gutter=&#8220;off&#8220; background_color=&#8220;#ffffff&#8220;][et_pb_fullwidth_image global_parent=&#8220;2286&#8243; admin_label=&#8220;Volle Breite des Bildes&#8220; src=&#8220;https:\/\/dev.cometis.de\/wp-content\/uploads\/2017\/03\/slide-10.jpg&#8220; show_in_lightbox=&#8220;off&#8220; url_new_window=&#8220;off&#8220; use_overlay=&#8220;off&#8220; animation=&#8220;off&#8220; use_border_color=&#8220;off&#8220; border_color=&#8220;#ffffff&#8220; border_style=&#8220;solid&#8220; alt=&#8220; News und Studien cometis AG, Frankfurt am Main&#8220; title_text=&#8220; News und Studien cometis AG, Frankfurt am Main&#8220;]<\/p>\n<p>[\/et_pb_fullwidth_image][\/et_pb_section][et_pb_section admin_label=&#8220;section&#8220;][et_pb_row admin_label=&#8220;row&#8220;][et_pb_column type=&#8220;1_3&#8243;][et_pb_sidebar admin_label=&#8220;Seitenleiste&#8220; orientation=&#8220;left&#8220; area=&#8220;et_pb_widget_area_7&#8243; background_layout=&#8220;light&#8220; remove_border=&#8220;off&#8220;]<\/p>\n<p>[\/et_pb_sidebar][et_pb_text admin_label=&#8220;M. Diegelmann CTA&#8220; global_module=&#8220;2526&#8243; saved_tabs=&#8220;all&#8220; background_layout=&#8220;light&#8220; text_orientation=&#8220;left&#8220; disabled=&#8220;off&#8220; disabled_on=&#8220;off|off|off&#8220; text_line_height=&#8220;2.1em&#8220; use_border_color=&#8220;off&#8220; border_color=&#8220;#ffffff&#8220; border_style=&#8220;solid&#8220; module_class=&#8220;shorter-field&#8220;]<\/p>\n<h3><span style=\"color: #00225f;\">Ihr Ansprechpartner<\/span><\/h3>\n<div class=\"sidebar-cta\">\n<div class=\"sidebar-cta-img\">\n<div class=\"et_pb_team_member_image et-waypoint et_pb_animation_off et-animated\"><img decoding=\"async\" src=\"https:\/\/dev.cometis.de\/wp-content\/uploads\/2016\/10\/Michael-Diegelmann-cometis-ag.jpeg\" alt=\"Michael Diegelmann\"><\/div>\n<\/div>\n<div class=\"sidebar-cta-info\">\n<div class=\"et_pb_team_member_description\">\n<h6>Michael Diegelmann<\/h6>\n<div><a title=\"Rufen Sie an!\" href=\"tel:+49 611 20 58 55 18\"><span class=\"sidebar-phone-link\">+49 611 20 58 55 18<\/span><br \/><\/a><a title=\"Schreiben Sie eine Mail!\" href=\"mailto:diegelmann@dev.cometis.de\"><span class=\"sidebar-mail-link\">diegelmann@dev.cometis.de<\/span><\/a><\/div>\n<p>&nbsp;<\/p>\n<\/div>\n<\/div>\n<\/div>\n<p>[\/et_pb_text][et_pb_contact_form admin_label=&#8220;Kontaktformular Diegelmann&#8220; saved_tabs=&#8220;all&#8220; captcha=&#8220;off&#8220; email=&#8220;weiterleitung.diegelmann@gmail.com&#8220; title=&#8220;Kontaktieren Sie uns:&#8220; custom_message=&#8220;Name: %%Name%%<br \/>E-Mail: %%Email%%<br \/>Anfrage: %%Message%%&#8220; use_redirect=&#8220;off&#8220; success_message=&#8220;Vielen Dank f\u00fcr Ihre Nachricht!&#8220; input_border_radius=&#8220;0&#8243; form_field_font_size=&#8220;16&#8243; form_field_line_height=&#8220;1.5em&#8220; use_border_color=&#8220;off&#8220; border_color=&#8220;#ffffff&#8220; border_style=&#8220;solid&#8220; custom_button=&#8220;on&#8220; button_text_size=&#8220;16&#8243; button_border_width=&#8220;1&#8243; button_letter_spacing=&#8220;0&#8243; button_use_icon=&#8220;default&#8220; button_icon=&#8220;%%20%%&#8220; button_icon_color=&#8220;#d85710&#8243; button_icon_placement=&#8220;right&#8220; button_on_hover=&#8220;on&#8220; button_letter_spacing_hover=&#8220;0&#8243;]<\/p>\n<p>[et_pb_contact_field field_title=&#8220;Name&#8220; field_type=&#8220;input&#8220; field_id=&#8220;Name&#8220; required_mark=&#8220;on&#8220; fullwidth_field=&#8220;on&#8220; form_field_font_select=&#8220;default&#8220; form_field_font=&#8220;||||&#8220; use_border_color=&#8220;off&#8220; border_style=&#8220;solid&#8220;]<br \/>\n[\/et_pb_contact_field][et_pb_contact_field field_title=&#8220;E-Mail-Adresse&#8220; field_type=&#8220;email&#8220; field_id=&#8220;Email&#8220; required_mark=&#8220;on&#8220; fullwidth_field=&#8220;on&#8220; form_field_font_select=&#8220;default&#8220; form_field_font=&#8220;||||&#8220; use_border_color=&#8220;off&#8220; border_style=&#8220;solid&#8220;]<br \/>\n[\/et_pb_contact_field][et_pb_contact_field field_title=&#8220;Nachricht&#8220; field_type=&#8220;text&#8220; field_id=&#8220;Message&#8220; required_mark=&#8220;on&#8220; fullwidth_field=&#8220;on&#8220; form_field_font_select=&#8220;default&#8220; form_field_font=&#8220;||||&#8220; use_border_color=&#8220;off&#8220; border_style=&#8220;solid&#8220;]<br \/>\n[\/et_pb_contact_field]<\/p>\n<p>[\/et_pb_contact_form][\/et_pb_column][et_pb_column type=&#8220;2_3&#8243;][et_pb_post_title admin_label=&#8220;Posttitel&#8220; global_module=&#8220;2295&#8243; saved_tabs=&#8220;all&#8220; title=&#8220;on&#8220; meta=&#8220;on&#8220; author=&#8220;off&#8220; date=&#8220;on&#8220; date_format=&#8220;j M, Y&#8220; categories=&#8220;on&#8220; comments=&#8220;on&#8220; featured_image=&#8220;on&#8220; featured_placement=&#8220;below&#8220; parallax_effect=&#8220;on&#8220; parallax_method=&#8220;on&#8220; text_orientation=&#8220;left&#8220; text_color=&#8220;dark&#8220; text_background=&#8220;off&#8220; text_bg_color=&#8220;rgba(255,255,255,0.9)&#8220; module_bg_color=&#8220;rgba(255,255,255,0)&#8220; title_all_caps=&#8220;off&#8220; use_border_color=&#8220;off&#8220; border_color=&#8220;#ffffff&#8220; border_style=&#8220;solid&#8220;]<\/p>\n<p>[\/et_pb_post_title][et_pb_text admin_label=&#8220;Text&#8220; background_layout=&#8220;light&#8220; text_orientation=&#8220;left&#8220; use_border_color=&#8220;off&#8220; border_color=&#8220;#ffffff&#8220; border_style=&#8220;solid&#8220;]<\/p>\n<p>Claus D\u00f6ring nimmt die Pl\u00e4ne aus Berlin und Br\u00fcssel zu Green Finance aufs Korn. D\u00f6ring schreibt: \u201eEin Prima Klima Gesetz gibt es zwar noch nicht, aber immerhin hat die Bundesregierung wissen lassen, dass sie Deutschland zu einem f\u00fchrenden Sustainable Finance Standort machen will.\u201c  D\u00f6ring stellt fest: \u201e \u2026 es ist nicht Aufgabe der Politik, par ordre de mufti Anlegergelder in vermeintlich nachhaltige Investitionen zu lenken.\u201c und kommt zu dem Schluss: \u201eAnstatt sich den Kopf \u00fcber die richtige Taxonomie zu zerbrechen und in die Allokationsfunktion des Marktes einzugreifen, sollte die Politik in Berlin und Br\u00fcssel besser auf bew\u00e4hrte marktkonforme und ideologiefreie Produkte setzen wie zum Beispiel den Emissionshandel\u201c. Angesichts der bescheidenen Ergebnisse der sogenannten Energiewende k\u00f6nnen wir nur zustimmen.<\/p>\n<p>[\/et_pb_text][et_pb_button admin_label=&#8220;Taste&#8220; global_module=&#8220;9119&#8243; button_url=&#8220;https:\/\/dev.cometis.de\/cometis-ag\/news&#8220; url_new_window=&#8220;off&#8220; button_text=&#8220;Zur\u00fcck zum News-Bereich&#8220; button_alignment=&#8220;right&#8220; background_layout=&#8220;dark&#8220; custom_button=&#8220;on&#8220; button_bg_color=&#8220;#d85710&#8243; button_letter_spacing=&#8220;0&#8243; button_use_icon=&#8220;default&#8220; button_icon_placement=&#8220;right&#8220; button_on_hover=&#8220;on&#8220; button_letter_spacing_hover=&#8220;0&#8243; button_text_size=&#8220;14&#8243; saved_tabs=&#8220;all&#8220;]<\/p>\n<p>[\/et_pb_button][\/et_pb_column][\/et_pb_row][\/et_pb_section]<\/p>\n","protected":false},"excerpt":{"rendered":"<p>Claus D\u00f6ring nimmt die Pl\u00e4ne aus Berlin und Br\u00fcssel zu Green Finance aufs Korn. D\u00f6ring schreibt: \u201eEin Prima Klima Gesetz gibt es zwar noch nicht, aber immerhin hat die Bundesregierung wissen lassen, dass sie Deutschland zu einem f\u00fchrenden Sustainable Finance Standort machen will.\u201c<\/p>\n","protected":false},"author":24813,"featured_media":54373,"comment_status":"closed","ping_status":"closed","sticky":false,"template":"","format":"standard","meta":{"_acf_changed":false,"_et_pb_use_builder":"on","_et_pb_old_content":"","_et_gb_content_width":"","inline_featured_image":false,"footnotes":""},"categories":[447,88],"tags":[497],"class_list":["post-24512","post","type-post","status-publish","format-standard","has-post-thumbnail","hentry","category-news","category-pressemitteilung","tag-497"],"acf":[],"yoast_head":"<!-- This site is optimized with the Yoast SEO plugin v24.5 - https:\/\/yoast.com\/wordpress\/plugins\/seo\/ -->\n<title>Energiewende: Weniger Ideologie und mehr Effizienz gefordert - cometis AG<\/title>\n<meta name=\"robots\" content=\"noindex, follow, max-snippet:-1, max-image-preview:large, max-video-preview:-1\" \/>\n<meta property=\"og:locale\" content=\"de_DE\" \/>\n<meta property=\"og:type\" content=\"article\" \/>\n<meta property=\"og:title\" content=\"Energiewende: Weniger Ideologie und mehr Effizienz gefordert - cometis AG\" \/>\n<meta property=\"og:description\" content=\"Claus D\u00f6ring nimmt die Pl\u00e4ne aus Berlin und Br\u00fcssel zu Green Finance aufs Korn. D\u00f6ring schreibt: \u201eEin Prima Klima Gesetz gibt es zwar noch nicht, aber immerhin hat die Bundesregierung wissen lassen, dass sie Deutschland zu einem f\u00fchrenden Sustainable Finance Standort machen will.\u201c\" \/>\n<meta property=\"og:url\" content=\"https:\/\/dev.cometis.de\/de\/energiewende-weniger-ideologie-und-mehr-effizienz-gefordert\/\" \/>\n<meta property=\"og:site_name\" content=\"cometis AG\" \/>\n<meta property=\"article:published_time\" content=\"2019-03-20T08:00:15+00:00\" \/>\n<meta property=\"article:modified_time\" content=\"2022-03-10T06:24:00+00:00\" \/>\n<meta property=\"og:image\" content=\"https:\/\/dev.cometis.de\/wp-content\/uploads\/2022\/03\/icon_newsroom.svg\" \/>\n\t<meta property=\"og:image:width\" content=\"1\" \/>\n\t<meta property=\"og:image:height\" content=\"1\" \/>\n\t<meta property=\"og:image:type\" content=\"image\/png\" \/>\n<meta name=\"author\" content=\"Assistenz cometis AG\" \/>\n<meta name=\"twitter:card\" content=\"summary_large_image\" \/>\n<meta name=\"twitter:label1\" content=\"Verfasst von\" \/>\n\t<meta name=\"twitter:data1\" content=\"Assistenz cometis AG\" \/>\n\t<meta name=\"twitter:label2\" content=\"Gesch\u00e4tzte Lesezeit\" \/>\n\t<meta name=\"twitter:data2\" content=\"4\u00a0Minuten\" \/>\n<script type=\"application\/ld+json\" class=\"yoast-schema-graph\">{\"@context\":\"https:\/\/schema.org\",\"@graph\":[{\"@type\":\"Article\",\"@id\":\"https:\/\/dev.cometis.de\/de\/energiewende-weniger-ideologie-und-mehr-effizienz-gefordert\/#article\",\"isPartOf\":{\"@id\":\"https:\/\/dev.cometis.de\/de\/energiewende-weniger-ideologie-und-mehr-effizienz-gefordert\/\"},\"author\":{\"name\":\"Assistenz cometis AG\",\"@id\":\"https:\/\/dev.cometis.de\/de\/#\/schema\/person\/0f6ec71e9167dd48a24950f3cc6b2003\"},\"headline\":\"Energiewende: Weniger Ideologie und mehr Effizienz gefordert\",\"datePublished\":\"2019-03-20T08:00:15+00:00\",\"dateModified\":\"2022-03-10T06:24:00+00:00\",\"mainEntityOfPage\":{\"@id\":\"https:\/\/dev.cometis.de\/de\/energiewende-weniger-ideologie-und-mehr-effizienz-gefordert\/\"},\"wordCount\":744,\"publisher\":{\"@id\":\"https:\/\/dev.cometis.de\/de\/#organization\"},\"image\":{\"@id\":\"https:\/\/dev.cometis.de\/de\/energiewende-weniger-ideologie-und-mehr-effizienz-gefordert\/#primaryimage\"},\"thumbnailUrl\":\"https:\/\/dev.cometis.de\/wp-content\/uploads\/2022\/03\/icon_newsroom.svg\",\"keywords\":[\"2019\"],\"articleSection\":[\"News\",\"Pressemitteilung\"],\"inLanguage\":\"de\"},{\"@type\":\"WebPage\",\"@id\":\"https:\/\/dev.cometis.de\/de\/energiewende-weniger-ideologie-und-mehr-effizienz-gefordert\/\",\"url\":\"https:\/\/dev.cometis.de\/de\/energiewende-weniger-ideologie-und-mehr-effizienz-gefordert\/\",\"name\":\"Energiewende: Weniger Ideologie und mehr Effizienz gefordert - cometis AG\",\"isPartOf\":{\"@id\":\"https:\/\/dev.cometis.de\/de\/#website\"},\"primaryImageOfPage\":{\"@id\":\"https:\/\/dev.cometis.de\/de\/energiewende-weniger-ideologie-und-mehr-effizienz-gefordert\/#primaryimage\"},\"image\":{\"@id\":\"https:\/\/dev.cometis.de\/de\/energiewende-weniger-ideologie-und-mehr-effizienz-gefordert\/#primaryimage\"},\"thumbnailUrl\":\"https:\/\/dev.cometis.de\/wp-content\/uploads\/2022\/03\/icon_newsroom.svg\",\"datePublished\":\"2019-03-20T08:00:15+00:00\",\"dateModified\":\"2022-03-10T06:24:00+00:00\",\"inLanguage\":\"de\",\"potentialAction\":[{\"@type\":\"ReadAction\",\"target\":[\"https:\/\/dev.cometis.de\/de\/energiewende-weniger-ideologie-und-mehr-effizienz-gefordert\/\"]}]},{\"@type\":\"ImageObject\",\"inLanguage\":\"de\",\"@id\":\"https:\/\/dev.cometis.de\/de\/energiewende-weniger-ideologie-und-mehr-effizienz-gefordert\/#primaryimage\",\"url\":\"https:\/\/dev.cometis.de\/wp-content\/uploads\/2022\/03\/icon_newsroom.svg\",\"contentUrl\":\"https:\/\/dev.cometis.de\/wp-content\/uploads\/2022\/03\/icon_newsroom.svg\",\"caption\":\"Icon Newsroom_news\"},{\"@type\":\"WebSite\",\"@id\":\"https:\/\/dev.cometis.de\/de\/#website\",\"url\":\"https:\/\/dev.cometis.de\/de\/\",\"name\":\"cometis AG\",\"description\":\"Deutschlands f\u00fchrende Investor Relations Agentur\",\"publisher\":{\"@id\":\"https:\/\/dev.cometis.de\/de\/#organization\"},\"potentialAction\":[{\"@type\":\"SearchAction\",\"target\":{\"@type\":\"EntryPoint\",\"urlTemplate\":\"https:\/\/dev.cometis.de\/de\/?s={search_term_string}\"},\"query-input\":{\"@type\":\"PropertyValueSpecification\",\"valueRequired\":true,\"valueName\":\"search_term_string\"}}],\"inLanguage\":\"de\"},{\"@type\":\"Organization\",\"@id\":\"https:\/\/dev.cometis.de\/de\/#organization\",\"name\":\"cometis AG\",\"alternateName\":\"Deutschlands f\u00fchrende Investor Relations Agentur\",\"url\":\"https:\/\/dev.cometis.de\/de\/\",\"logo\":{\"@type\":\"ImageObject\",\"inLanguage\":\"de\",\"@id\":\"https:\/\/dev.cometis.de\/de\/#\/schema\/logo\/image\/\",\"url\":\"https:\/\/dev.cometis.de\/wp-content\/uploads\/2022\/01\/Cometis-Mobile-Logo-1.png\",\"contentUrl\":\"https:\/\/dev.cometis.de\/wp-content\/uploads\/2022\/01\/Cometis-Mobile-Logo-1.png\",\"width\":171,\"height\":31,\"caption\":\"cometis AG\"},\"image\":{\"@id\":\"https:\/\/dev.cometis.de\/de\/#\/schema\/logo\/image\/\"}},{\"@type\":\"Person\",\"@id\":\"https:\/\/dev.cometis.de\/de\/#\/schema\/person\/0f6ec71e9167dd48a24950f3cc6b2003\",\"name\":\"Assistenz cometis AG\",\"image\":{\"@type\":\"ImageObject\",\"inLanguage\":\"de\",\"@id\":\"https:\/\/dev.cometis.de\/de\/#\/schema\/person\/image\/\",\"url\":\"https:\/\/secure.gravatar.com\/avatar\/d9db77bcddbfa0c99848135c21ae5b93?s=96&d=mm&r=g\",\"contentUrl\":\"https:\/\/secure.gravatar.com\/avatar\/d9db77bcddbfa0c99848135c21ae5b93?s=96&d=mm&r=g\",\"caption\":\"Assistenz cometis AG\"},\"url\":\"https:\/\/dev.cometis.de\/de\/author\/assistenz-cometis-ag\/\"}]}<\/script>\n<!-- \/ Yoast SEO plugin. -->","yoast_head_json":{"title":"Energiewende: Weniger Ideologie und mehr Effizienz gefordert - cometis AG","robots":{"index":"noindex","follow":"follow","max-snippet":"max-snippet:-1","max-image-preview":"max-image-preview:large","max-video-preview":"max-video-preview:-1"},"og_locale":"de_DE","og_type":"article","og_title":"Energiewende: Weniger Ideologie und mehr Effizienz gefordert - cometis AG","og_description":"Claus D\u00f6ring nimmt die Pl\u00e4ne aus Berlin und Br\u00fcssel zu Green Finance aufs Korn. D\u00f6ring schreibt: \u201eEin Prima Klima Gesetz gibt es zwar noch nicht, aber immerhin hat die Bundesregierung wissen lassen, dass sie Deutschland zu einem f\u00fchrenden Sustainable Finance Standort machen will.\u201c","og_url":"https:\/\/dev.cometis.de\/de\/energiewende-weniger-ideologie-und-mehr-effizienz-gefordert\/","og_site_name":"cometis AG","article_published_time":"2019-03-20T08:00:15+00:00","article_modified_time":"2022-03-10T06:24:00+00:00","og_image":[{"url":"https:\/\/dev.cometis.de\/wp-content\/uploads\/2022\/03\/icon_newsroom.svg","width":1,"height":1,"type":"image\/png"}],"author":"Assistenz cometis AG","twitter_card":"summary_large_image","twitter_misc":{"Verfasst von":"Assistenz cometis AG","Gesch\u00e4tzte Lesezeit":"4\u00a0Minuten"},"schema":{"@context":"https:\/\/schema.org","@graph":[{"@type":"Article","@id":"https:\/\/dev.cometis.de\/de\/energiewende-weniger-ideologie-und-mehr-effizienz-gefordert\/#article","isPartOf":{"@id":"https:\/\/dev.cometis.de\/de\/energiewende-weniger-ideologie-und-mehr-effizienz-gefordert\/"},"author":{"name":"Assistenz cometis AG","@id":"https:\/\/dev.cometis.de\/de\/#\/schema\/person\/0f6ec71e9167dd48a24950f3cc6b2003"},"headline":"Energiewende: Weniger Ideologie und mehr Effizienz gefordert","datePublished":"2019-03-20T08:00:15+00:00","dateModified":"2022-03-10T06:24:00+00:00","mainEntityOfPage":{"@id":"https:\/\/dev.cometis.de\/de\/energiewende-weniger-ideologie-und-mehr-effizienz-gefordert\/"},"wordCount":744,"publisher":{"@id":"https:\/\/dev.cometis.de\/de\/#organization"},"image":{"@id":"https:\/\/dev.cometis.de\/de\/energiewende-weniger-ideologie-und-mehr-effizienz-gefordert\/#primaryimage"},"thumbnailUrl":"https:\/\/dev.cometis.de\/wp-content\/uploads\/2022\/03\/icon_newsroom.svg","keywords":["2019"],"articleSection":["News","Pressemitteilung"],"inLanguage":"de"},{"@type":"WebPage","@id":"https:\/\/dev.cometis.de\/de\/energiewende-weniger-ideologie-und-mehr-effizienz-gefordert\/","url":"https:\/\/dev.cometis.de\/de\/energiewende-weniger-ideologie-und-mehr-effizienz-gefordert\/","name":"Energiewende: Weniger Ideologie und mehr Effizienz gefordert - cometis AG","isPartOf":{"@id":"https:\/\/dev.cometis.de\/de\/#website"},"primaryImageOfPage":{"@id":"https:\/\/dev.cometis.de\/de\/energiewende-weniger-ideologie-und-mehr-effizienz-gefordert\/#primaryimage"},"image":{"@id":"https:\/\/dev.cometis.de\/de\/energiewende-weniger-ideologie-und-mehr-effizienz-gefordert\/#primaryimage"},"thumbnailUrl":"https:\/\/dev.cometis.de\/wp-content\/uploads\/2022\/03\/icon_newsroom.svg","datePublished":"2019-03-20T08:00:15+00:00","dateModified":"2022-03-10T06:24:00+00:00","inLanguage":"de","potentialAction":[{"@type":"ReadAction","target":["https:\/\/dev.cometis.de\/de\/energiewende-weniger-ideologie-und-mehr-effizienz-gefordert\/"]}]},{"@type":"ImageObject","inLanguage":"de","@id":"https:\/\/dev.cometis.de\/de\/energiewende-weniger-ideologie-und-mehr-effizienz-gefordert\/#primaryimage","url":"https:\/\/dev.cometis.de\/wp-content\/uploads\/2022\/03\/icon_newsroom.svg","contentUrl":"https:\/\/dev.cometis.de\/wp-content\/uploads\/2022\/03\/icon_newsroom.svg","caption":"Icon Newsroom_news"},{"@type":"WebSite","@id":"https:\/\/dev.cometis.de\/de\/#website","url":"https:\/\/dev.cometis.de\/de\/","name":"cometis AG","description":"Deutschlands f\u00fchrende Investor Relations Agentur","publisher":{"@id":"https:\/\/dev.cometis.de\/de\/#organization"},"potentialAction":[{"@type":"SearchAction","target":{"@type":"EntryPoint","urlTemplate":"https:\/\/dev.cometis.de\/de\/?s={search_term_string}"},"query-input":{"@type":"PropertyValueSpecification","valueRequired":true,"valueName":"search_term_string"}}],"inLanguage":"de"},{"@type":"Organization","@id":"https:\/\/dev.cometis.de\/de\/#organization","name":"cometis AG","alternateName":"Deutschlands f\u00fchrende Investor Relations Agentur","url":"https:\/\/dev.cometis.de\/de\/","logo":{"@type":"ImageObject","inLanguage":"de","@id":"https:\/\/dev.cometis.de\/de\/#\/schema\/logo\/image\/","url":"https:\/\/dev.cometis.de\/wp-content\/uploads\/2022\/01\/Cometis-Mobile-Logo-1.png","contentUrl":"https:\/\/dev.cometis.de\/wp-content\/uploads\/2022\/01\/Cometis-Mobile-Logo-1.png","width":171,"height":31,"caption":"cometis AG"},"image":{"@id":"https:\/\/dev.cometis.de\/de\/#\/schema\/logo\/image\/"}},{"@type":"Person","@id":"https:\/\/dev.cometis.de\/de\/#\/schema\/person\/0f6ec71e9167dd48a24950f3cc6b2003","name":"Assistenz cometis AG","image":{"@type":"ImageObject","inLanguage":"de","@id":"https:\/\/dev.cometis.de\/de\/#\/schema\/person\/image\/","url":"https:\/\/secure.gravatar.com\/avatar\/d9db77bcddbfa0c99848135c21ae5b93?s=96&d=mm&r=g","contentUrl":"https:\/\/secure.gravatar.com\/avatar\/d9db77bcddbfa0c99848135c21ae5b93?s=96&d=mm&r=g","caption":"Assistenz cometis AG"},"url":"https:\/\/dev.cometis.de\/de\/author\/assistenz-cometis-ag\/"}]}},"_links":{"self":[{"href":"https:\/\/dev.cometis.de\/de\/wp-json\/wp\/v2\/posts\/24512","targetHints":{"allow":["GET"]}}],"collection":[{"href":"https:\/\/dev.cometis.de\/de\/wp-json\/wp\/v2\/posts"}],"about":[{"href":"https:\/\/dev.cometis.de\/de\/wp-json\/wp\/v2\/types\/post"}],"author":[{"embeddable":true,"href":"https:\/\/dev.cometis.de\/de\/wp-json\/wp\/v2\/users\/24813"}],"replies":[{"embeddable":true,"href":"https:\/\/dev.cometis.de\/de\/wp-json\/wp\/v2\/comments?post=24512"}],"version-history":[{"count":0,"href":"https:\/\/dev.cometis.de\/de\/wp-json\/wp\/v2\/posts\/24512\/revisions"}],"wp:featuredmedia":[{"embeddable":true,"href":"https:\/\/dev.cometis.de\/de\/wp-json\/wp\/v2\/media\/54373"}],"wp:attachment":[{"href":"https:\/\/dev.cometis.de\/de\/wp-json\/wp\/v2\/media?parent=24512"}],"wp:term":[{"taxonomy":"category","embeddable":true,"href":"https:\/\/dev.cometis.de\/de\/wp-json\/wp\/v2\/categories?post=24512"},{"taxonomy":"post_tag","embeddable":true,"href":"https:\/\/dev.cometis.de\/de\/wp-json\/wp\/v2\/tags?post=24512"}],"curies":[{"name":"wp","href":"https:\/\/api.w.org\/{rel}","templated":true}]}}