{"id":16095,"date":"2018-03-26T11:08:09","date_gmt":"2018-03-26T09:08:09","guid":{"rendered":"https:\/\/wordpress-783423-2671269.cloudwaysapps.com\/?p=16095"},"modified":"2022-03-14T04:30:41","modified_gmt":"2022-03-14T03:30:41","slug":"26-maerz-2018-manz-ag-unternehmen-trennt-sich-von-finanzvorstand-gunnar-voss-von-dahlen","status":"publish","type":"post","link":"https:\/\/dev.cometis.de\/de\/26-maerz-2018-manz-ag-unternehmen-trennt-sich-von-finanzvorstand-gunnar-voss-von-dahlen\/","title":{"rendered":"26. M\u00e4rz 2018 | Manz AG: Unternehmen trennt sich von Finanzvorstand Gunnar Voss von Dahlen"},"content":{"rendered":"<p>[et_pb_section fb_built=&#8220;1&#8243; admin_label=&#8220;section&#8220; _builder_version=&#8220;3.22&#8243; global_colors_info=&#8220;{}&#8220; da_is_popup=&#8220;off&#8220; da_exit_intent=&#8220;off&#8220; da_has_close=&#8220;on&#8220; da_alt_close=&#8220;off&#8220; da_dark_close=&#8220;off&#8220; da_not_modal=&#8220;on&#8220; da_is_singular=&#8220;off&#8220; da_with_loader=&#8220;off&#8220; da_has_shadow=&#8220;on&#8220; da_disable_devices=&#8220;off|off|off&#8220;][et_pb_row padding_mobile=&#8220;off&#8220; column_padding_mobile=&#8220;on&#8220; admin_label=&#8220;Zeile&#8220; _builder_version=&#8220;3.25&#8243; background_size=&#8220;initial&#8220; background_position=&#8220;top_left&#8220; background_repeat=&#8220;repeat&#8220; custom_padding=&#8220;||0px|&#8220; make_fullwidth=&#8220;off&#8220; use_custom_width=&#8220;off&#8220; width_unit=&#8220;on&#8220; global_colors_info=&#8220;{}&#8220; column_structure=&#8220;1_2,1_2&#8243;][et_pb_column type=&#8220;1_2&#8243; _builder_version=&#8220;3.25&#8243; custom_padding=&#8220;|||&#8220; global_colors_info=&#8220;{}&#8220; custom_padding__hover=&#8220;|||&#8220;][et_pb_text admin_label=&#8220;Text&#8220; _builder_version=&#8220;3.27.4&#8243; background_size=&#8220;initial&#8220; background_position=&#8220;top_left&#8220; background_repeat=&#8220;repeat&#8220; text_orientation=&#8220;left&#8220; use_border_color=&#8220;off&#8220; border_color=&#8220;#ffffff&#8220; border_style=&#8220;solid&#8220; global_colors_info=&#8220;{}&#8220;]<\/p>\n<style>\n.zur\u00fcckbutton:before {\n    display: inline-block;\n    font-family: \"ETmodules\";\n    content: \"\\4a\";\n    color: #00225f;\n    margin-right: 7px;\n}\n.zur\u00fcckbutton:hover:before {\n    display: inline-block;\n    font-family: \"ETmodules\";\n    content: \"\\4a\";\n    color: #d85710;\n    margin-right: 7px;\n}\n<\/style>\n<h1 style=\"text-align: justify;\">Corporate News<\/h1>\n<p> <a class=\"zur\u00fcckbutton\" href=\"https:\/\/dev.cometis.de\/veroeffentlichungsarchiv-manz-ag\">zum Archiv<\/a><br \/>\n[\/et_pb_text][\/et_pb_column][et_pb_column type=&#8220;1_2&#8243; _builder_version=&#8220;3.25&#8243; custom_padding=&#8220;|||&#8220; global_colors_info=&#8220;{}&#8220; custom_padding__hover=&#8220;|||&#8220;][et_pb_image src=&#8220;https:\/\/dev.cometis.de\/wp-content\/uploads\/2017\/06\/manz-AG.png&#8220; align=&#8220;right&#8220; align_tablet=&#8220;center&#8220; align_last_edited=&#8220;on|desktop&#8220; admin_label=&#8220;Bild&#8220; _builder_version=&#8220;3.23&#8243; use_border_color=&#8220;off&#8220; border_color=&#8220;#ffffff&#8220; border_style=&#8220;solid&#8220; animation=&#8220;off&#8220; sticky=&#8220;off&#8220; always_center_on_mobile=&#8220;on&#8220; global_colors_info=&#8220;{}&#8220; align_phone=&#8220;center&#8220;]<br \/>\n[\/et_pb_image][\/et_pb_column][\/et_pb_row][et_pb_row admin_label=&#8220;row&#8220; _builder_version=&#8220;3.25&#8243; background_size=&#8220;initial&#8220; background_position=&#8220;top_left&#8220; background_repeat=&#8220;repeat&#8220; global_colors_info=&#8220;{}&#8220;][et_pb_column type=&#8220;4_4&#8243; _builder_version=&#8220;3.25&#8243; custom_padding=&#8220;|||&#8220; global_colors_info=&#8220;{}&#8220; custom_padding__hover=&#8220;|||&#8220;][et_pb_text admin_label=&#8220;Text&#8220; _builder_version=&#8220;3.27.4&#8243; background_size=&#8220;initial&#8220; background_position=&#8220;top_left&#8220; background_repeat=&#8220;repeat&#8220; text_orientation=&#8220;left&#8220; use_border_color=&#8220;off&#8220; border_color=&#8220;#ffffff&#8220; border_style=&#8220;solid&#8220; saved_tabs=&#8220;all&#8220; global_colors_info=&#8220;{}&#8220;]<\/p>\n<h1><strong>Manz AG<\/strong><strong> Unternehmen trennt sich von Finanzvorstand Gunnar Voss von Dahlen <\/strong><\/h1>\n<p class=\"intro\"><strong>26.03.2018 09:10:00 CEST, Reutlingen\u00a0<\/strong>Als Grund gibt das Unternehmen unterschiedliche Auffassungen \u00fcber die k\u00fcnftige strategische Ausrichtung des Unternehmens an.<\/p>\n<p>Wie die Manz AG, weltweit agierender Hightech-Maschinenbauer, heute informiert, hat der Aufsichtsrat Finanzvorstand Gunnar Voss von Dahlen mit sofortiger Wirkung freigestellt. Als Grund gibt das Unternehmen unterschiedliche Auffassungen \u00fcber die k\u00fcnftige strategische Ausrichtung des Unternehmens an. Gunnar Voss von Dahlen, seit Juni 2017 Finanzvorstand der Manz AG, verantwortete die Bereiche Finanzen und Controlling, Personal, IT, Organisation, Verwaltung, Investor Relations und Recht.<br \/>Bis zur Nachbesetzung der Position werden die Verantwortlichkeiten des Finanzvorstands durch den Vorstandsvorsitzenden Eckhard H\u00f6rner-Marass und den Vorstand Operations Martin Drasch \u00fcbernommen. Aufsichtsrat und Vorstand w\u00fcnschen Herrn Voss von Dahlen alles Gute f\u00fcr die weitere Zukunft.<\/p>\n<p>[\/et_pb_text][et_pb_text admin_label=&#8220;Text&#8220; _builder_version=&#8220;3.27.4&#8243; background_size=&#8220;initial&#8220; background_position=&#8220;top_left&#8220; background_repeat=&#8220;repeat&#8220; text_orientation=&#8220;left&#8220; use_border_color=&#8220;off&#8220; border_color=&#8220;#ffffff&#8220; border_style=&#8220;solid&#8220; global_colors_info=&#8220;{}&#8220;]<\/p>\n<div class=\"leseprobe-archiv\"><a title=\"Beitrag als PDF\" href=\"https:\/\/www.manz.com\/stella\/files\/d_180326_CN_Manz_Freistellung_CFO.pdf5ab898004102e\/d_180326_CN_Manz_Freistellung_CFO.pdf?download=1\" target=\"_blank\" rel=\"noopener\">Beitrag als PDF<\/a><\/div>\n<style>\n.leseprobe-archiv {\n    color: #00225f !important;\n    border-color: #00225f;\n    position: relative;\n    padding: 0.3em 1em;\n    border: 1px solid;\n    -webkit-border-radius: 3px;\n    -moz-border-radius: 3px;\n    border-radius: 3px;\n   -webkit-transition: all 0.2s;\n    -moz-transition: all 0.2s;\n    transition: all 0.2s;\n    padding:10px;\n    width: 19%;\n    text-align: center;\n    margin-right: 10px;\n    float:left;\n}\n.leseprobe-archiv:hover {\n    background-color: #eee;\n    border-color: #ffffff;\n    cursor: pointer;\n}\n<\/style>\n<p>[\/et_pb_text][\/et_pb_column][\/et_pb_row][\/et_pb_section]<\/p>\n","protected":false},"excerpt":{"rendered":"<p>Corporate News zum Archiv Manz AG Unternehmen trennt sich von Finanzvorstand Gunnar Voss von Dahlen 26.03.2018 09:10:00 CEST, Reutlingen\u00a0Als Grund gibt das Unternehmen unterschiedliche Auffassungen \u00fcber die k\u00fcnftige strategische Ausrichtung des Unternehmens an.Wie die Manz AG, weltweit agierender Hightech-Maschinenbauer, heute informiert, hat der Aufsichtsrat Finanzvorstand Gunnar Voss von Dahlen mit sofortiger Wirkung freigestellt. Als Grund [&hellip;]<\/p>\n","protected":false},"author":24813,"featured_media":54373,"comment_status":"closed","ping_status":"closed","sticky":false,"template":"","format":"standard","meta":{"_acf_changed":false,"_et_pb_use_builder":"on","_et_pb_old_content":"","_et_gb_content_width":"","inline_featured_image":false,"footnotes":""},"categories":[267,447],"tags":[498],"class_list":["post-16095","post","type-post","status-publish","format-standard","has-post-thumbnail","hentry","category-manz-ag-corporate-news","category-news","tag-498"],"acf":[],"yoast_head":"<!-- This site is optimized with the Yoast SEO plugin v24.5 - https:\/\/yoast.com\/wordpress\/plugins\/seo\/ -->\n<title>26. M\u00e4rz 2018 | Manz AG: Unternehmen trennt sich von Finanzvorstand Gunnar Voss von Dahlen - cometis AG<\/title>\n<meta name=\"robots\" content=\"noindex, follow, max-snippet:-1, max-image-preview:large, max-video-preview:-1\" \/>\n<meta property=\"og:locale\" content=\"de_DE\" \/>\n<meta property=\"og:type\" content=\"article\" \/>\n<meta property=\"og:title\" content=\"26. M\u00e4rz 2018 | Manz AG: Unternehmen trennt sich von Finanzvorstand Gunnar Voss von Dahlen - cometis AG\" \/>\n<meta property=\"og:description\" content=\"Corporate News zum Archiv Manz AG Unternehmen trennt sich von Finanzvorstand Gunnar Voss von Dahlen 26.03.2018 09:10:00 CEST, Reutlingen\u00a0Als Grund gibt das Unternehmen unterschiedliche Auffassungen \u00fcber die k\u00fcnftige strategische Ausrichtung des Unternehmens an.Wie die Manz AG, weltweit agierender Hightech-Maschinenbauer, heute informiert, hat der Aufsichtsrat Finanzvorstand Gunnar Voss von Dahlen mit sofortiger Wirkung freigestellt. Als Grund [&hellip;]\" \/>\n<meta property=\"og:url\" content=\"https:\/\/dev.cometis.de\/de\/26-maerz-2018-manz-ag-unternehmen-trennt-sich-von-finanzvorstand-gunnar-voss-von-dahlen\/\" \/>\n<meta property=\"og:site_name\" content=\"cometis AG\" \/>\n<meta property=\"article:published_time\" content=\"2018-03-26T09:08:09+00:00\" \/>\n<meta property=\"article:modified_time\" content=\"2022-03-14T03:30:41+00:00\" \/>\n<meta property=\"og:image\" content=\"https:\/\/dev.cometis.de\/wp-content\/uploads\/2022\/03\/icon_newsroom.svg\" \/>\n\t<meta property=\"og:image:width\" content=\"1\" \/>\n\t<meta property=\"og:image:height\" content=\"1\" \/>\n\t<meta property=\"og:image:type\" content=\"image\/png\" \/>\n<meta name=\"author\" content=\"Assistenz cometis AG\" \/>\n<meta name=\"twitter:card\" content=\"summary_large_image\" \/>\n<meta name=\"twitter:label1\" content=\"Verfasst von\" \/>\n\t<meta name=\"twitter:data1\" content=\"Assistenz cometis AG\" \/>\n\t<meta name=\"twitter:label2\" content=\"Gesch\u00e4tzte Lesezeit\" \/>\n\t<meta name=\"twitter:data2\" content=\"2\u00a0Minuten\" \/>\n<script type=\"application\/ld+json\" class=\"yoast-schema-graph\">{\"@context\":\"https:\/\/schema.org\",\"@graph\":[{\"@type\":\"Article\",\"@id\":\"https:\/\/dev.cometis.de\/de\/26-maerz-2018-manz-ag-unternehmen-trennt-sich-von-finanzvorstand-gunnar-voss-von-dahlen\/#article\",\"isPartOf\":{\"@id\":\"https:\/\/dev.cometis.de\/de\/26-maerz-2018-manz-ag-unternehmen-trennt-sich-von-finanzvorstand-gunnar-voss-von-dahlen\/\"},\"author\":{\"name\":\"Assistenz cometis AG\",\"@id\":\"https:\/\/dev.cometis.de\/de\/#\/schema\/person\/0f6ec71e9167dd48a24950f3cc6b2003\"},\"headline\":\"26. M\u00e4rz 2018 | Manz AG: Unternehmen trennt sich von Finanzvorstand Gunnar Voss von Dahlen\",\"datePublished\":\"2018-03-26T09:08:09+00:00\",\"dateModified\":\"2022-03-14T03:30:41+00:00\",\"mainEntityOfPage\":{\"@id\":\"https:\/\/dev.cometis.de\/de\/26-maerz-2018-manz-ag-unternehmen-trennt-sich-von-finanzvorstand-gunnar-voss-von-dahlen\/\"},\"wordCount\":497,\"publisher\":{\"@id\":\"https:\/\/dev.cometis.de\/de\/#organization\"},\"image\":{\"@id\":\"https:\/\/dev.cometis.de\/de\/26-maerz-2018-manz-ag-unternehmen-trennt-sich-von-finanzvorstand-gunnar-voss-von-dahlen\/#primaryimage\"},\"thumbnailUrl\":\"https:\/\/dev.cometis.de\/wp-content\/uploads\/2022\/03\/icon_newsroom.svg\",\"keywords\":[\"2018\"],\"articleSection\":[\"Manz AG Corporate News\",\"News\"],\"inLanguage\":\"de\"},{\"@type\":\"WebPage\",\"@id\":\"https:\/\/dev.cometis.de\/de\/26-maerz-2018-manz-ag-unternehmen-trennt-sich-von-finanzvorstand-gunnar-voss-von-dahlen\/\",\"url\":\"https:\/\/dev.cometis.de\/de\/26-maerz-2018-manz-ag-unternehmen-trennt-sich-von-finanzvorstand-gunnar-voss-von-dahlen\/\",\"name\":\"26. M\u00e4rz 2018 | Manz AG: Unternehmen trennt sich von Finanzvorstand Gunnar Voss von Dahlen - cometis AG\",\"isPartOf\":{\"@id\":\"https:\/\/dev.cometis.de\/de\/#website\"},\"primaryImageOfPage\":{\"@id\":\"https:\/\/dev.cometis.de\/de\/26-maerz-2018-manz-ag-unternehmen-trennt-sich-von-finanzvorstand-gunnar-voss-von-dahlen\/#primaryimage\"},\"image\":{\"@id\":\"https:\/\/dev.cometis.de\/de\/26-maerz-2018-manz-ag-unternehmen-trennt-sich-von-finanzvorstand-gunnar-voss-von-dahlen\/#primaryimage\"},\"thumbnailUrl\":\"https:\/\/dev.cometis.de\/wp-content\/uploads\/2022\/03\/icon_newsroom.svg\",\"datePublished\":\"2018-03-26T09:08:09+00:00\",\"dateModified\":\"2022-03-14T03:30:41+00:00\",\"inLanguage\":\"de\",\"potentialAction\":[{\"@type\":\"ReadAction\",\"target\":[\"https:\/\/dev.cometis.de\/de\/26-maerz-2018-manz-ag-unternehmen-trennt-sich-von-finanzvorstand-gunnar-voss-von-dahlen\/\"]}]},{\"@type\":\"ImageObject\",\"inLanguage\":\"de\",\"@id\":\"https:\/\/dev.cometis.de\/de\/26-maerz-2018-manz-ag-unternehmen-trennt-sich-von-finanzvorstand-gunnar-voss-von-dahlen\/#primaryimage\",\"url\":\"https:\/\/dev.cometis.de\/wp-content\/uploads\/2022\/03\/icon_newsroom.svg\",\"contentUrl\":\"https:\/\/dev.cometis.de\/wp-content\/uploads\/2022\/03\/icon_newsroom.svg\",\"caption\":\"Icon Newsroom_news\"},{\"@type\":\"WebSite\",\"@id\":\"https:\/\/dev.cometis.de\/de\/#website\",\"url\":\"https:\/\/dev.cometis.de\/de\/\",\"name\":\"cometis AG\",\"description\":\"Deutschlands f\u00fchrende Investor Relations Agentur\",\"publisher\":{\"@id\":\"https:\/\/dev.cometis.de\/de\/#organization\"},\"potentialAction\":[{\"@type\":\"SearchAction\",\"target\":{\"@type\":\"EntryPoint\",\"urlTemplate\":\"https:\/\/dev.cometis.de\/de\/?s={search_term_string}\"},\"query-input\":{\"@type\":\"PropertyValueSpecification\",\"valueRequired\":true,\"valueName\":\"search_term_string\"}}],\"inLanguage\":\"de\"},{\"@type\":\"Organization\",\"@id\":\"https:\/\/dev.cometis.de\/de\/#organization\",\"name\":\"cometis AG\",\"alternateName\":\"Deutschlands f\u00fchrende Investor Relations Agentur\",\"url\":\"https:\/\/dev.cometis.de\/de\/\",\"logo\":{\"@type\":\"ImageObject\",\"inLanguage\":\"de\",\"@id\":\"https:\/\/dev.cometis.de\/de\/#\/schema\/logo\/image\/\",\"url\":\"https:\/\/dev.cometis.de\/wp-content\/uploads\/2022\/01\/Cometis-Mobile-Logo-1.png\",\"contentUrl\":\"https:\/\/dev.cometis.de\/wp-content\/uploads\/2022\/01\/Cometis-Mobile-Logo-1.png\",\"width\":171,\"height\":31,\"caption\":\"cometis AG\"},\"image\":{\"@id\":\"https:\/\/dev.cometis.de\/de\/#\/schema\/logo\/image\/\"}},{\"@type\":\"Person\",\"@id\":\"https:\/\/dev.cometis.de\/de\/#\/schema\/person\/0f6ec71e9167dd48a24950f3cc6b2003\",\"name\":\"Assistenz cometis AG\",\"image\":{\"@type\":\"ImageObject\",\"inLanguage\":\"de\",\"@id\":\"https:\/\/dev.cometis.de\/de\/#\/schema\/person\/image\/\",\"url\":\"https:\/\/secure.gravatar.com\/avatar\/d9db77bcddbfa0c99848135c21ae5b93?s=96&d=mm&r=g\",\"contentUrl\":\"https:\/\/secure.gravatar.com\/avatar\/d9db77bcddbfa0c99848135c21ae5b93?s=96&d=mm&r=g\",\"caption\":\"Assistenz cometis AG\"},\"url\":\"https:\/\/dev.cometis.de\/de\/author\/assistenz-cometis-ag\/\"}]}<\/script>\n<!-- \/ Yoast SEO plugin. -->","yoast_head_json":{"title":"26. M\u00e4rz 2018 | Manz AG: Unternehmen trennt sich von Finanzvorstand Gunnar Voss von Dahlen - cometis AG","robots":{"index":"noindex","follow":"follow","max-snippet":"max-snippet:-1","max-image-preview":"max-image-preview:large","max-video-preview":"max-video-preview:-1"},"og_locale":"de_DE","og_type":"article","og_title":"26. M\u00e4rz 2018 | Manz AG: Unternehmen trennt sich von Finanzvorstand Gunnar Voss von Dahlen - cometis AG","og_description":"Corporate News zum Archiv Manz AG Unternehmen trennt sich von Finanzvorstand Gunnar Voss von Dahlen 26.03.2018 09:10:00 CEST, Reutlingen\u00a0Als Grund gibt das Unternehmen unterschiedliche Auffassungen \u00fcber die k\u00fcnftige strategische Ausrichtung des Unternehmens an.Wie die Manz AG, weltweit agierender Hightech-Maschinenbauer, heute informiert, hat der Aufsichtsrat Finanzvorstand Gunnar Voss von Dahlen mit sofortiger Wirkung freigestellt. Als Grund [&hellip;]","og_url":"https:\/\/dev.cometis.de\/de\/26-maerz-2018-manz-ag-unternehmen-trennt-sich-von-finanzvorstand-gunnar-voss-von-dahlen\/","og_site_name":"cometis AG","article_published_time":"2018-03-26T09:08:09+00:00","article_modified_time":"2022-03-14T03:30:41+00:00","og_image":[{"url":"https:\/\/dev.cometis.de\/wp-content\/uploads\/2022\/03\/icon_newsroom.svg","width":1,"height":1,"type":"image\/png"}],"author":"Assistenz cometis AG","twitter_card":"summary_large_image","twitter_misc":{"Verfasst von":"Assistenz cometis AG","Gesch\u00e4tzte Lesezeit":"2\u00a0Minuten"},"schema":{"@context":"https:\/\/schema.org","@graph":[{"@type":"Article","@id":"https:\/\/dev.cometis.de\/de\/26-maerz-2018-manz-ag-unternehmen-trennt-sich-von-finanzvorstand-gunnar-voss-von-dahlen\/#article","isPartOf":{"@id":"https:\/\/dev.cometis.de\/de\/26-maerz-2018-manz-ag-unternehmen-trennt-sich-von-finanzvorstand-gunnar-voss-von-dahlen\/"},"author":{"name":"Assistenz cometis AG","@id":"https:\/\/dev.cometis.de\/de\/#\/schema\/person\/0f6ec71e9167dd48a24950f3cc6b2003"},"headline":"26. M\u00e4rz 2018 | Manz AG: Unternehmen trennt sich von Finanzvorstand Gunnar Voss von Dahlen","datePublished":"2018-03-26T09:08:09+00:00","dateModified":"2022-03-14T03:30:41+00:00","mainEntityOfPage":{"@id":"https:\/\/dev.cometis.de\/de\/26-maerz-2018-manz-ag-unternehmen-trennt-sich-von-finanzvorstand-gunnar-voss-von-dahlen\/"},"wordCount":497,"publisher":{"@id":"https:\/\/dev.cometis.de\/de\/#organization"},"image":{"@id":"https:\/\/dev.cometis.de\/de\/26-maerz-2018-manz-ag-unternehmen-trennt-sich-von-finanzvorstand-gunnar-voss-von-dahlen\/#primaryimage"},"thumbnailUrl":"https:\/\/dev.cometis.de\/wp-content\/uploads\/2022\/03\/icon_newsroom.svg","keywords":["2018"],"articleSection":["Manz AG Corporate News","News"],"inLanguage":"de"},{"@type":"WebPage","@id":"https:\/\/dev.cometis.de\/de\/26-maerz-2018-manz-ag-unternehmen-trennt-sich-von-finanzvorstand-gunnar-voss-von-dahlen\/","url":"https:\/\/dev.cometis.de\/de\/26-maerz-2018-manz-ag-unternehmen-trennt-sich-von-finanzvorstand-gunnar-voss-von-dahlen\/","name":"26. M\u00e4rz 2018 | Manz AG: Unternehmen trennt sich von Finanzvorstand Gunnar Voss von Dahlen - cometis AG","isPartOf":{"@id":"https:\/\/dev.cometis.de\/de\/#website"},"primaryImageOfPage":{"@id":"https:\/\/dev.cometis.de\/de\/26-maerz-2018-manz-ag-unternehmen-trennt-sich-von-finanzvorstand-gunnar-voss-von-dahlen\/#primaryimage"},"image":{"@id":"https:\/\/dev.cometis.de\/de\/26-maerz-2018-manz-ag-unternehmen-trennt-sich-von-finanzvorstand-gunnar-voss-von-dahlen\/#primaryimage"},"thumbnailUrl":"https:\/\/dev.cometis.de\/wp-content\/uploads\/2022\/03\/icon_newsroom.svg","datePublished":"2018-03-26T09:08:09+00:00","dateModified":"2022-03-14T03:30:41+00:00","inLanguage":"de","potentialAction":[{"@type":"ReadAction","target":["https:\/\/dev.cometis.de\/de\/26-maerz-2018-manz-ag-unternehmen-trennt-sich-von-finanzvorstand-gunnar-voss-von-dahlen\/"]}]},{"@type":"ImageObject","inLanguage":"de","@id":"https:\/\/dev.cometis.de\/de\/26-maerz-2018-manz-ag-unternehmen-trennt-sich-von-finanzvorstand-gunnar-voss-von-dahlen\/#primaryimage","url":"https:\/\/dev.cometis.de\/wp-content\/uploads\/2022\/03\/icon_newsroom.svg","contentUrl":"https:\/\/dev.cometis.de\/wp-content\/uploads\/2022\/03\/icon_newsroom.svg","caption":"Icon Newsroom_news"},{"@type":"WebSite","@id":"https:\/\/dev.cometis.de\/de\/#website","url":"https:\/\/dev.cometis.de\/de\/","name":"cometis AG","description":"Deutschlands f\u00fchrende Investor Relations Agentur","publisher":{"@id":"https:\/\/dev.cometis.de\/de\/#organization"},"potentialAction":[{"@type":"SearchAction","target":{"@type":"EntryPoint","urlTemplate":"https:\/\/dev.cometis.de\/de\/?s={search_term_string}"},"query-input":{"@type":"PropertyValueSpecification","valueRequired":true,"valueName":"search_term_string"}}],"inLanguage":"de"},{"@type":"Organization","@id":"https:\/\/dev.cometis.de\/de\/#organization","name":"cometis AG","alternateName":"Deutschlands f\u00fchrende Investor Relations Agentur","url":"https:\/\/dev.cometis.de\/de\/","logo":{"@type":"ImageObject","inLanguage":"de","@id":"https:\/\/dev.cometis.de\/de\/#\/schema\/logo\/image\/","url":"https:\/\/dev.cometis.de\/wp-content\/uploads\/2022\/01\/Cometis-Mobile-Logo-1.png","contentUrl":"https:\/\/dev.cometis.de\/wp-content\/uploads\/2022\/01\/Cometis-Mobile-Logo-1.png","width":171,"height":31,"caption":"cometis AG"},"image":{"@id":"https:\/\/dev.cometis.de\/de\/#\/schema\/logo\/image\/"}},{"@type":"Person","@id":"https:\/\/dev.cometis.de\/de\/#\/schema\/person\/0f6ec71e9167dd48a24950f3cc6b2003","name":"Assistenz cometis AG","image":{"@type":"ImageObject","inLanguage":"de","@id":"https:\/\/dev.cometis.de\/de\/#\/schema\/person\/image\/","url":"https:\/\/secure.gravatar.com\/avatar\/d9db77bcddbfa0c99848135c21ae5b93?s=96&d=mm&r=g","contentUrl":"https:\/\/secure.gravatar.com\/avatar\/d9db77bcddbfa0c99848135c21ae5b93?s=96&d=mm&r=g","caption":"Assistenz cometis AG"},"url":"https:\/\/dev.cometis.de\/de\/author\/assistenz-cometis-ag\/"}]}},"_links":{"self":[{"href":"https:\/\/dev.cometis.de\/de\/wp-json\/wp\/v2\/posts\/16095","targetHints":{"allow":["GET"]}}],"collection":[{"href":"https:\/\/dev.cometis.de\/de\/wp-json\/wp\/v2\/posts"}],"about":[{"href":"https:\/\/dev.cometis.de\/de\/wp-json\/wp\/v2\/types\/post"}],"author":[{"embeddable":true,"href":"https:\/\/dev.cometis.de\/de\/wp-json\/wp\/v2\/users\/24813"}],"replies":[{"embeddable":true,"href":"https:\/\/dev.cometis.de\/de\/wp-json\/wp\/v2\/comments?post=16095"}],"version-history":[{"count":2,"href":"https:\/\/dev.cometis.de\/de\/wp-json\/wp\/v2\/posts\/16095\/revisions"}],"predecessor-version":[{"id":55789,"href":"https:\/\/dev.cometis.de\/de\/wp-json\/wp\/v2\/posts\/16095\/revisions\/55789"}],"wp:featuredmedia":[{"embeddable":true,"href":"https:\/\/dev.cometis.de\/de\/wp-json\/wp\/v2\/media\/54373"}],"wp:attachment":[{"href":"https:\/\/dev.cometis.de\/de\/wp-json\/wp\/v2\/media?parent=16095"}],"wp:term":[{"taxonomy":"category","embeddable":true,"href":"https:\/\/dev.cometis.de\/de\/wp-json\/wp\/v2\/categories?post=16095"},{"taxonomy":"post_tag","embeddable":true,"href":"https:\/\/dev.cometis.de\/de\/wp-json\/wp\/v2\/tags?post=16095"}],"curies":[{"name":"wp","href":"https:\/\/api.w.org\/{rel}","templated":true}]}}