{"id":14533,"date":"2018-05-18T17:35:20","date_gmt":"2018-05-18T15:35:20","guid":{"rendered":"https:\/\/wordpress-783423-2671269.cloudwaysapps.com?p=14533"},"modified":"2022-04-22T08:27:12","modified_gmt":"2022-04-22T06:27:12","slug":"cometis-und-public-relations-global-network-prgn-waehlen-c-l-conroy-als-prgn-praesidentin","status":"publish","type":"post","link":"https:\/\/dev.cometis.de\/de\/cometis-und-public-relations-global-network-prgn-waehlen-c-l-conroy-als-prgn-praesidentin\/","title":{"rendered":"cometis und PRGN w\u00e4hlen C.L. Conroy als PRGN-Pr\u00e4sidentin"},"content":{"rendered":"<p>[et_pb_section fb_built=&#8220;1&#8243; fullwidth=&#8220;on&#8220; admin_label=&#8220;Sektion&#8220; _builder_version=&#8220;4.16&#8243; global_colors_info=&#8220;{}&#8220; da_is_popup=&#8220;off&#8220; da_exit_intent=&#8220;off&#8220; da_has_close=&#8220;on&#8220; da_alt_close=&#8220;off&#8220; da_dark_close=&#8220;off&#8220; da_not_modal=&#8220;on&#8220; da_is_singular=&#8220;off&#8220; da_with_loader=&#8220;off&#8220; da_has_shadow=&#8220;on&#8220; da_disable_devices=&#8220;off|off|off&#8220;][et_pb_fullwidth_image src=&#8220;https:\/\/dev.cometis.de\/wp-content\/uploads\/2017\/03\/slide-10.jpg&#8220; alt=&#8220; News und Studien cometis AG, Frankfurt am Main&#8220; title_text=&#8220; News und Studien cometis AG, Frankfurt am Main&#8220; admin_label=&#8220;Volle Breite des Bildes&#8220; _builder_version=&#8220;4.16&#8243; animation=&#8220;off&#8220; use_border_color=&#8220;off&#8220; border_color=&#8220;#ffffff&#8220; border_style=&#8220;solid&#8220; global_colors_info=&#8220;{}&#8220;][\/et_pb_fullwidth_image][\/et_pb_section][et_pb_section fb_built=&#8220;1&#8243; admin_label=&#8220;Sektion&#8220; _builder_version=&#8220;4.16&#8243; global_colors_info=&#8220;{}&#8220; da_is_popup=&#8220;off&#8220; da_exit_intent=&#8220;off&#8220; da_has_close=&#8220;on&#8220; da_alt_close=&#8220;off&#8220; da_dark_close=&#8220;off&#8220; da_not_modal=&#8220;on&#8220; da_is_singular=&#8220;off&#8220; da_with_loader=&#8220;off&#8220; da_has_shadow=&#8220;on&#8220; da_disable_devices=&#8220;off|off|off&#8220;][et_pb_row admin_label=&#8220;Zeile&#8220; _builder_version=&#8220;4.16&#8243; background_size=&#8220;initial&#8220; background_position=&#8220;top_left&#8220; background_repeat=&#8220;repeat&#8220; global_colors_info=&#8220;{}&#8220; column_structure=&#8220;1_3,2_3&#8243;][et_pb_column type=&#8220;1_3&#8243; _builder_version=&#8220;4.16&#8243; custom_padding=&#8220;|||&#8220; global_colors_info=&#8220;{}&#8220; custom_padding__hover=&#8220;|||&#8220;][et_pb_sidebar area=&#8220;et_pb_widget_area_7&#8243; admin_label=&#8220;Seitenleiste&#8220; _builder_version=&#8220;4.16&#8243; remove_border=&#8220;off&#8220; global_colors_info=&#8220;{}&#8220;][\/et_pb_sidebar][et_pb_text disabled_on=&#8220;off|off|off&#8220; admin_label=&#8220;M. Diegelmann CTA&#8220; module_class=&#8220;shorter-field&#8220; _builder_version=&#8220;4.7.3&#8243; text_line_height=&#8220;1.8em&#8220; background_size=&#8220;initial&#8220; background_position=&#8220;top_left&#8220; background_repeat=&#8220;repeat&#8220; text_orientation=&#8220;left&#8220; use_border_color=&#8220;off&#8220; border_color=&#8220;#ffffff&#8220; border_style=&#8220;solid&#8220; global_module=&#8220;2526&#8243; saved_tabs=&#8220;all&#8220; global_colors_info=&#8220;{}&#8220;]<\/p>\n<h3><span style=\"color: #00225f;\">Ihr Ansprechpartner<\/span><\/h3>\n<div class=\"sidebar-cta\">\n<div class=\"sidebar-cta-img\">\n<div class=\"et_pb_team_member_image et_pb_animation_off et-animated et-animated--vb et_had_animation\" style=\"text-align: left;\"><img decoding=\"async\" src=\"https:\/\/dev.cometis.de\/wp-content\/uploads\/2020\/02\/MD.png\" alt=\"Michael Diegelmann\" \/><\/div>\n<\/div>\n<div class=\"sidebar-cta-info\">\n<div class=\"et_pb_team_member_description\">\n<h6>Michael Diegelmann<\/h6>\n<div><a title=\"Call us!\" href=\"tel:+49 611 20 58 55 18\"><span class=\"sidebar-phone-link\">+49 611 20 58 55 18<\/span><br \/><\/a><a title=\"Send us a mail!\" href=\"mailto:diegelmann@dev.cometis.de\"><span class=\"sidebar-mail-link\">diegelmann@dev.cometis.de<\/span><\/a><\/div>\n<p>&nbsp;<\/p>\n<\/div>\n<\/div>\n<\/div>\n<p>[\/et_pb_text][et_pb_contact_form captcha=&#8220;off&#8220; email=&#8220;weiterleitung.diegelmann@gmail.com&#8220; title=&#8220;Kontaktieren Sie uns:&#8220; custom_message=&#8220;Name: %%Name%%<br \/>||et_pb_line_break_holder||E-Mail: %%Email%%<br \/>||et_pb_line_break_holder||Anfrage: %%Message%%&#8220; success_message=&#8220;Vielen Dank f\u00fcr Ihre Nachricht!&#8220; admin_label=&#8220;Kontaktformular Diegelmann&#8220; _builder_version=&#8220;4.16&#8243; _unique_id=&#8220;f1c5e376-b374-4b9b-8ca4-2b1b8862a46c&#8220; form_field_font_size=&#8220;16&#8243; form_field_line_height=&#8220;1.5em&#8220; custom_button=&#8220;on&#8220; button_text_size=&#8220;16&#8243; button_border_width=&#8220;1&#8243; button_letter_spacing=&#8220;0&#8243; button_icon=&#8220;&#x35;||divi||400&#8243; button_icon_color=&#8220;#d85710&#8243; border_radii=&#8220;on|0px|0px|0px|0px&#8220; use_border_color=&#8220;off&#8220; border_color=&#8220;#ffffff&#8220; border_style=&#8220;solid&#8220; input_border_radius=&#8220;0&#8243; saved_tabs=&#8220;all&#8220; global_colors_info=&#8220;{}&#8220;][et_pb_contact_field field_id=&#8220;Name&#8220; field_title=&#8220;Name&#8220; fullwidth_field=&#8220;on&#8220; _builder_version=&#8220;4.16&#8243; form_field_font=&#8220;||||&#8220; use_border_color=&#8220;off&#8220; border_style=&#8220;solid&#8220; global_colors_info=&#8220;{}&#8220; button_text_size__hover_enabled=&#8220;off&#8220; button_one_text_size__hover_enabled=&#8220;off&#8220; button_two_text_size__hover_enabled=&#8220;off&#8220; button_text_color__hover_enabled=&#8220;off&#8220; button_one_text_color__hover_enabled=&#8220;off&#8220; button_two_text_color__hover_enabled=&#8220;off&#8220; button_border_width__hover_enabled=&#8220;off&#8220; button_one_border_width__hover_enabled=&#8220;off&#8220; button_two_border_width__hover_enabled=&#8220;off&#8220; button_border_color__hover_enabled=&#8220;off&#8220; button_one_border_color__hover_enabled=&#8220;off&#8220; button_two_border_color__hover_enabled=&#8220;off&#8220; button_border_radius__hover_enabled=&#8220;off&#8220; button_one_border_radius__hover_enabled=&#8220;off&#8220; button_two_border_radius__hover_enabled=&#8220;off&#8220; button_letter_spacing__hover_enabled=&#8220;off&#8220; button_one_letter_spacing__hover_enabled=&#8220;off&#8220; button_two_letter_spacing__hover_enabled=&#8220;off&#8220; button_bg_color__hover_enabled=&#8220;off&#8220; button_one_bg_color__hover_enabled=&#8220;off&#8220; button_two_bg_color__hover_enabled=&#8220;off&#8220;][\/et_pb_contact_field][et_pb_contact_field field_id=&#8220;Email&#8220; field_title=&#8220;E-Mail-Adresse&#8220; field_type=&#8220;email&#8220; fullwidth_field=&#8220;on&#8220; _builder_version=&#8220;4.16&#8243; form_field_font=&#8220;||||&#8220; use_border_color=&#8220;off&#8220; border_style=&#8220;solid&#8220; global_colors_info=&#8220;{}&#8220; button_text_size__hover_enabled=&#8220;off&#8220; button_one_text_size__hover_enabled=&#8220;off&#8220; button_two_text_size__hover_enabled=&#8220;off&#8220; button_text_color__hover_enabled=&#8220;off&#8220; button_one_text_color__hover_enabled=&#8220;off&#8220; button_two_text_color__hover_enabled=&#8220;off&#8220; button_border_width__hover_enabled=&#8220;off&#8220; button_one_border_width__hover_enabled=&#8220;off&#8220; button_two_border_width__hover_enabled=&#8220;off&#8220; button_border_color__hover_enabled=&#8220;off&#8220; button_one_border_color__hover_enabled=&#8220;off&#8220; button_two_border_color__hover_enabled=&#8220;off&#8220; button_border_radius__hover_enabled=&#8220;off&#8220; button_one_border_radius__hover_enabled=&#8220;off&#8220; button_two_border_radius__hover_enabled=&#8220;off&#8220; button_letter_spacing__hover_enabled=&#8220;off&#8220; button_one_letter_spacing__hover_enabled=&#8220;off&#8220; button_two_letter_spacing__hover_enabled=&#8220;off&#8220; button_bg_color__hover_enabled=&#8220;off&#8220; button_one_bg_color__hover_enabled=&#8220;off&#8220; button_two_bg_color__hover_enabled=&#8220;off&#8220;][\/et_pb_contact_field][et_pb_contact_field field_id=&#8220;Message&#8220; field_title=&#8220;Nachricht&#8220; field_type=&#8220;text&#8220; fullwidth_field=&#8220;on&#8220; _builder_version=&#8220;4.16&#8243; form_field_font=&#8220;||||&#8220; use_border_color=&#8220;off&#8220; border_style=&#8220;solid&#8220; global_colors_info=&#8220;{}&#8220; button_text_size__hover_enabled=&#8220;off&#8220; button_one_text_size__hover_enabled=&#8220;off&#8220; button_two_text_size__hover_enabled=&#8220;off&#8220; button_text_color__hover_enabled=&#8220;off&#8220; button_one_text_color__hover_enabled=&#8220;off&#8220; button_two_text_color__hover_enabled=&#8220;off&#8220; button_border_width__hover_enabled=&#8220;off&#8220; button_one_border_width__hover_enabled=&#8220;off&#8220; button_two_border_width__hover_enabled=&#8220;off&#8220; button_border_color__hover_enabled=&#8220;off&#8220; button_one_border_color__hover_enabled=&#8220;off&#8220; button_two_border_color__hover_enabled=&#8220;off&#8220; button_border_radius__hover_enabled=&#8220;off&#8220; button_one_border_radius__hover_enabled=&#8220;off&#8220; button_two_border_radius__hover_enabled=&#8220;off&#8220; button_letter_spacing__hover_enabled=&#8220;off&#8220; button_one_letter_spacing__hover_enabled=&#8220;off&#8220; button_two_letter_spacing__hover_enabled=&#8220;off&#8220; button_bg_color__hover_enabled=&#8220;off&#8220; button_one_bg_color__hover_enabled=&#8220;off&#8220; button_two_bg_color__hover_enabled=&#8220;off&#8220;][\/et_pb_contact_field][\/et_pb_contact_form][\/et_pb_column][et_pb_column type=&#8220;2_3&#8243; _builder_version=&#8220;4.16&#8243; custom_padding=&#8220;|||&#8220; global_colors_info=&#8220;{}&#8220; custom_padding__hover=&#8220;|||&#8220;][et_pb_post_title author=&#8220;off&#8220; date_format=&#8220;j M, Y&#8220; admin_label=&#8220;Posttitel&#8220; _builder_version=&#8220;4.16&#8243; title_all_caps=&#8220;off&#8220; background_color=&#8220;rgba(255,255,255,0)&#8220; parallax=&#8220;on&#8220; parallax_method=&#8220;off&#8220; use_border_color=&#8220;off&#8220; border_color=&#8220;#ffffff&#8220; border_style=&#8220;solid&#8220; parallax_effect=&#8220;on&#8220; module_bg_color=&#8220;rgba(255,255,255,0)&#8220; global_colors_info=&#8220;{}&#8220;][\/et_pb_post_title][et_pb_text admin_label=&#8220;Text&#8220; _builder_version=&#8220;4.16&#8243; background_size=&#8220;initial&#8220; background_position=&#8220;top_left&#8220; background_repeat=&#8220;repeat&#8220; text_orientation=&#8220;left&#8220; use_border_color=&#8220;off&#8220; border_color=&#8220;#ffffff&#8220; border_style=&#8220;solid&#8220; global_colors_info=&#8220;{}&#8220;]Netzwerk w\u00e4hlt neue Pr\u00e4sidentin w\u00e4hrend des halbj\u00e4hrlichen PRGN-Treffens; Aaron Blank aus Seattle wird zum president-elect, Leeza Hoyt aus Los Angeles zum secretary und Sean Dowdall aus San Francisco zum Schatzmeister.<\/p>\n<p>News Literacy und #metoo unter den diskutierten Themen der globalen PR-Profis.<\/p>\n<p>Wiesbaden, 11. Mai 2018 \u2013 cometis und das Public Relations Global Network (PRGN) gaben heute die Neubesetzung der f\u00fchrenden Positionen eines der weltweit gr\u00f6\u00dften PR-Agenturnetzwerke bekannt. Die Ernennungen wurden w\u00e4hrend der letzten halbj\u00e4hrlichen Sitzung des PRGN in Toronto, Kanada, durchgef\u00fchrt. Die dreit\u00e4gige Veranstaltung, bei der die Vorst\u00e4nde der Partneragenturen Best Practices der PR und neue Wege zur Zusammenarbeit und Entwicklung von Gesch\u00e4ftspartnerschaften weltweit diskutierten, beinhaltete Sitzungen zur #metoo-Bewegung, zur F\u00f6rderung der Nachrichtenkompetenz im Zeitalter von Fake News und zur Schaffung eines sicheren Arbeitsplatzes f\u00fcr Mitarbeiter.<\/p>\n<p>Auf dem Treffen in Toronto, an dem Mitglieder aus mehr als 31 Regionen der Welt teilnahmen, w\u00e4hlten die PRGN-Mitglieder C.L. Conroy, Pr\u00e4sident und CEO der in Miami, Florida, ans\u00e4ssigen The Conroy Martinez Group, zum 26. Christina Rytter, Gesch\u00e4ftsf\u00fchrerin und Gr\u00fcnderin von Scandinavian Communications in Kopenhagen, D\u00e4nemark, \u00fcbernimmt die Rolle der bisherigen Pr\u00e4sidentin und Vorsitzenden des Beirats.  Zu den weiteren genannten Offizieren geh\u00f6ren: president-elect Aaron Blank, Pr\u00e4sident und CEO der in Seattle ans\u00e4ssigen The Fearey Group, Sekret\u00e4rin Leeza Hoyt, Pr\u00e4sidentin der in Los Angeles ans\u00e4ssigen The Hoyt Organization und Sean Dowdall, General Manager und Chief Marketing Officer von Landis Communications, Inc. in San Francisco, der als Schatzmeister fungieren wird.<br \/>\n[\/et_pb_text][et_pb_text admin_label=&#8220;Text&#8220; _builder_version=&#8220;4.16&#8243; background_size=&#8220;initial&#8220; background_position=&#8220;top_left&#8220; background_repeat=&#8220;repeat&#8220; text_orientation=&#8220;left&#8220; use_border_color=&#8220;off&#8220; border_color=&#8220;#ffffff&#8220; border_style=&#8220;solid&#8220; global_colors_info=&#8220;{}&#8220;]<div id=\"attachment_14535\" style=\"width: 250px\" class=\"wp-caption alignleft\"><img decoding=\"async\" aria-describedby=\"caption-attachment-14535\" style=\"background-color: none;\" src=\"https:\/\/dev.cometis.de\/wp-content\/uploads\/2018\/05\/C.L.-Conroy-240x300.jpg\" alt=\"\" width=\"240\" height=\"300\" class=\"size-medium wp-image-14535\"><p id=\"caption-attachment-14535\" class=\"wp-caption-text\">C.L. Conroy, CEO von<br \/>The Conroy Martinez Group und Pr\u00e4sident von PRGN<\/p><\/div><br \/>\n&#8222;Mit 51 Agenturen auf sechs Kontinenten ist das Netzwerk so stark wie eh und je&#8220;, sagt Conroy. &#8222;Wir freuen uns, unseren Kunden in praktisch jedem Winkel der Welt multidisziplin\u00e4re Kanzleien anbieten zu k\u00f6nnen.\u201c<br \/>\nPRGN wurde 1990 von einer Gruppe vision\u00e4rer PR-F\u00fchrungskr\u00e4fte mit einem Umsatz von mehr als 101 Millionen US-Dollar und rund 1.000 Mitarbeitern an 51 Standorten gegr\u00fcndet und ist eines der weltweit gr\u00f6\u00dften internationalen PR-Netzwerke.<br \/>\n[\/et_pb_text][et_pb_text admin_label=&#8220;Text&#8220; _builder_version=&#8220;4.16&#8243; background_size=&#8220;initial&#8220; background_position=&#8220;top_left&#8220; background_repeat=&#8220;repeat&#8220; text_orientation=&#8220;left&#8220; use_border_color=&#8220;off&#8220; border_color=&#8220;#ffffff&#8220; border_style=&#8220;solid&#8220; global_colors_info=&#8220;{}&#8220;]Das n\u00e4chste Treffen findet im Oktober 2018 in Bukarest, Rum\u00e4nien, statt. Die Mitglieder der Agentur sind unabh\u00e4ngige, lokale, inhabergef\u00fchrte PR- und Marketingkommunikationsunternehmen, die ihr Know-how und ihre Ressourcen teilen und ihren Kunden weltweit umfassende Kommunikationsstrategien auf breiter Basis anbieten. Unternehmen oder Organisationen, die an den Dienstleistungen des PRGN-Netzwerks vor Ort interessiert sind, k\u00f6nnen sich unter www.prgn.com informieren.<br \/>\n[\/et_pb_text][et_pb_text admin_label=&#8220;Text&#8220; _builder_version=&#8220;4.16&#8243; background_size=&#8220;initial&#8220; background_position=&#8220;top_left&#8220; background_repeat=&#8220;repeat&#8220; text_orientation=&#8220;left&#8220; use_border_color=&#8220;off&#8220; border_color=&#8220;#ffffff&#8220; border_style=&#8220;solid&#8220; global_colors_info=&#8220;{}&#8220;]<div id=\"attachment_14537\" style=\"width: 310px\" class=\"wp-caption alignleft\"><img decoding=\"async\" aria-describedby=\"caption-attachment-14537\" style=\"background-color: none;\" src=\"https:\/\/dev.cometis.de\/wp-content\/uploads\/2018\/05\/Mitglieder-300x225.jpg\" alt=\"\" width=\"300\" height=\"225\" class=\"size-medium wp-image-14537\" srcset=\"https:\/\/dev.cometis.de\/wp-content\/uploads\/2018\/05\/Mitglieder-300x225.jpg 300w, https:\/\/dev.cometis.de\/wp-content\/uploads\/2018\/05\/Mitglieder-1024x768.jpg 1024w, https:\/\/dev.cometis.de\/wp-content\/uploads\/2018\/05\/Mitglieder-1536x1152.jpg 1536w, https:\/\/dev.cometis.de\/wp-content\/uploads\/2018\/05\/Mitglieder-2048x1536.jpg 2048w, https:\/\/dev.cometis.de\/wp-content\/uploads\/2018\/05\/Mitglieder-510x382.jpg 510w, https:\/\/dev.cometis.de\/wp-content\/uploads\/2018\/05\/Mitglieder-1080x810.jpg 1080w, https:\/\/dev.cometis.de\/wp-content\/uploads\/2018\/05\/Mitglieder-1280x960.jpg 1280w, https:\/\/dev.cometis.de\/wp-content\/uploads\/2018\/05\/Mitglieder-980x735.jpg 980w, https:\/\/dev.cometis.de\/wp-content\/uploads\/2018\/05\/Mitglieder-480x360.jpg 480w, https:\/\/dev.cometis.de\/wp-content\/uploads\/2018\/05\/Mitglieder-200x150.jpg 200w, https:\/\/dev.cometis.de\/wp-content\/uploads\/2018\/05\/Mitglieder-400x300.jpg 400w\" sizes=\"(max-width: 300px) 100vw, 300px\" \/><p id=\"caption-attachment-14537\" class=\"wp-caption-text\">Die Mitglieder des Public Relations Global Network (PRGN) trafen sich in Toronto, Ontario, Kanada.<\/p><\/div><br \/>\nUnabh\u00e4ngige Agenturen, die daran interessiert sind, dem Netzwerk beizutreten, k\u00f6nnen den Bereich member recruitment auf der PRGN-Website besuchen, um weitere Informationen zu erhalten, oder die Vorsitzende, Lynn Erasmus, General Managerin, HWB Communications, per E-Mail kontaktieren: info@hwb.co.za.<br \/>\n[\/et_pb_text][et_pb_text admin_label=&#8220;Text&#8220; _builder_version=&#8220;4.16&#8243; background_size=&#8220;initial&#8220; background_position=&#8220;top_left&#8220; background_repeat=&#8220;repeat&#8220; text_orientation=&#8220;left&#8220; use_border_color=&#8220;off&#8220; border_color=&#8220;#ffffff&#8220; border_style=&#8220;solid&#8220; global_colors_info=&#8220;{}&#8220;]\u00dcber Public Relations Global Network (PRGN)<br \/>\nKunden auf sechs Kontinenten sind auf die gemeinsamen Ressourcen des Public Relations Global Network (PRGN) angewiesen, um gezielte PR-Kampagnen in den M\u00e4rkten der Welt durchzuf\u00fchren. Mit einem Umsatz von mehr als 101 Millionen US-Dollar ist PRGN eines der weltweit gr\u00f6\u00dften internationalen PR-Netzwerke. PRGN nutzt die Ressourcen von 51 unabh\u00e4ngigen PR-Firmen und mehr als 1.000 Kommunikationsprofis, um internationale Unternehmen und Organisationen mit individuellen und kulturell vielf\u00e4ltigen M\u00e4rkten weltweit zu verbinden. Besuchen Sie PRGN online unter www.prgn.com oder auf Twitter unter @PRGN.<br \/>\n[\/et_pb_text][et_pb_button button_url=&#8220;https:\/\/dev.cometis.de\/cometis-ag\/news&#8220; button_text=&#8220;Zur\u00fcck zum News-Bereich&#8220; button_alignment=&#8220;right&#8220; admin_label=&#8220;Taste &#8220; _builder_version=&#8220;4.7.3&#8243; custom_button=&#8220;on&#8220; button_text_size=&#8220;14&#8243; button_text_color=&#8220;#0b099e&#8220; button_bg_color=&#8220;rgba(216,87,16,0)&#8220; button_border_color=&#8220;#160593&#8243; button_letter_spacing=&#8220;0&#8243; button_icon_color=&#8220;#d85710&#8243; background_layout=&#8220;dark&#8220; custom_css_main_element=&#8220;margin-top=%2210px%22&#8243; button_border_color_hover=&#8220;rgba(0,0,0,0)&#8220; button_letter_spacing_hover=&#8220;0&#8243; button_bg_color_hover=&#8220;#eeeeee&#8220; global_module=&#8220;9119&#8243; saved_tabs=&#8220;all&#8220; global_colors_info=&#8220;{}&#8220; button_text_size__hover_enabled=&#8220;off&#8220; button_one_text_size__hover_enabled=&#8220;off&#8220; button_two_text_size__hover_enabled=&#8220;off&#8220; button_text_color__hover_enabled=&#8220;off&#8220; button_one_text_color__hover_enabled=&#8220;off&#8220; button_two_text_color__hover_enabled=&#8220;off&#8220; button_border_width__hover_enabled=&#8220;off&#8220; button_one_border_width__hover_enabled=&#8220;off&#8220; button_two_border_width__hover_enabled=&#8220;off&#8220; button_border_color__hover_enabled=&#8220;on&#8220; button_border_color__hover=&#8220;rgba(0,0,0,0)&#8220; button_one_border_color__hover_enabled=&#8220;off&#8220; button_two_border_color__hover_enabled=&#8220;off&#8220; button_border_radius__hover_enabled=&#8220;off&#8220; button_one_border_radius__hover_enabled=&#8220;off&#8220; button_two_border_radius__hover_enabled=&#8220;off&#8220; button_letter_spacing__hover_enabled=&#8220;on&#8220; button_letter_spacing__hover=&#8220;0&#8243; button_one_letter_spacing__hover_enabled=&#8220;off&#8220; button_two_letter_spacing__hover_enabled=&#8220;off&#8220; button_bg_color__hover_enabled=&#8220;on&#8220; button_bg_color__hover=&#8220;#eeeeee&#8220; button_one_bg_color__hover_enabled=&#8220;off&#8220; button_two_bg_color__hover_enabled=&#8220;off&#8220;][\/et_pb_button][\/et_pb_column][\/et_pb_row][\/et_pb_section]<\/p>\n","protected":false},"excerpt":{"rendered":"<p>Netzwerk w\u00e4hlt neue Pr\u00e4sidentin w\u00e4hrend des halbj\u00e4hrlichen PRGN-Treffens; Aaron Blank aus Seattle wird zum president-elect, Leeza Hoyt aus Los Angeles zum secretary und Sean Dowdall aus San Francisco zum Schatzmeister.<\/p>\n<p>News Literacy und #metoo unter den diskutierten Themen der globalen PR-Profis.<\/p>\n","protected":false},"author":24813,"featured_media":54373,"comment_status":"closed","ping_status":"closed","sticky":false,"template":"","format":"standard","meta":{"_acf_changed":false,"_et_pb_use_builder":"on","_et_pb_old_content":"","_et_gb_content_width":"","inline_featured_image":false,"footnotes":""},"categories":[447,82],"tags":[498],"class_list":["post-14533","post","type-post","status-publish","format-standard","has-post-thumbnail","hentry","category-news","category-prgn","tag-498"],"acf":[],"yoast_head":"<!-- This site is optimized with the Yoast SEO plugin v24.5 - https:\/\/yoast.com\/wordpress\/plugins\/seo\/ -->\n<title>cometis und PRGN w\u00e4hlen C.L. Conroy als Pr\u00e4sidentin<\/title>\n<meta name=\"description\" content=\"cometis und PRGN w\u00e4hlen C.L. Conroy als PRGN-Pr\u00e4sidentin\" \/>\n<meta name=\"robots\" content=\"noindex, follow, max-snippet:-1, max-image-preview:large, max-video-preview:-1\" \/>\n<meta property=\"og:locale\" content=\"de_DE\" \/>\n<meta property=\"og:type\" content=\"article\" \/>\n<meta property=\"og:title\" content=\"cometis und PRGN w\u00e4hlen C.L. Conroy als Pr\u00e4sidentin\" \/>\n<meta property=\"og:description\" content=\"cometis und PRGN w\u00e4hlen C.L. Conroy als PRGN-Pr\u00e4sidentin\" \/>\n<meta property=\"og:url\" content=\"https:\/\/dev.cometis.de\/de\/cometis-und-public-relations-global-network-prgn-waehlen-c-l-conroy-als-prgn-praesidentin\/\" \/>\n<meta property=\"og:site_name\" content=\"cometis AG\" \/>\n<meta property=\"article:published_time\" content=\"2018-05-18T15:35:20+00:00\" \/>\n<meta property=\"article:modified_time\" content=\"2022-04-22T06:27:12+00:00\" \/>\n<meta property=\"og:image\" content=\"https:\/\/dev.cometis.de\/wp-content\/uploads\/2022\/03\/icon_newsroom.svg\" \/>\n\t<meta property=\"og:image:width\" content=\"1\" \/>\n\t<meta property=\"og:image:height\" content=\"1\" \/>\n\t<meta property=\"og:image:type\" content=\"image\/png\" \/>\n<meta name=\"author\" content=\"Assistenz cometis AG\" \/>\n<meta name=\"twitter:card\" content=\"summary_large_image\" \/>\n<meta name=\"twitter:label1\" content=\"Verfasst von\" \/>\n\t<meta name=\"twitter:data1\" content=\"Assistenz cometis AG\" \/>\n\t<meta name=\"twitter:label2\" content=\"Gesch\u00e4tzte Lesezeit\" \/>\n\t<meta name=\"twitter:data2\" content=\"10\u00a0Minuten\" \/>\n<script type=\"application\/ld+json\" class=\"yoast-schema-graph\">{\"@context\":\"https:\/\/schema.org\",\"@graph\":[{\"@type\":\"Article\",\"@id\":\"https:\/\/dev.cometis.de\/de\/cometis-und-public-relations-global-network-prgn-waehlen-c-l-conroy-als-prgn-praesidentin\/#article\",\"isPartOf\":{\"@id\":\"https:\/\/dev.cometis.de\/de\/cometis-und-public-relations-global-network-prgn-waehlen-c-l-conroy-als-prgn-praesidentin\/\"},\"author\":{\"name\":\"Assistenz cometis AG\",\"@id\":\"https:\/\/dev.cometis.de\/de\/#\/schema\/person\/0f6ec71e9167dd48a24950f3cc6b2003\"},\"headline\":\"cometis und PRGN w\u00e4hlen C.L. Conroy als PRGN-Pr\u00e4sidentin\",\"datePublished\":\"2018-05-18T15:35:20+00:00\",\"dateModified\":\"2022-04-22T06:27:12+00:00\",\"mainEntityOfPage\":{\"@id\":\"https:\/\/dev.cometis.de\/de\/cometis-und-public-relations-global-network-prgn-waehlen-c-l-conroy-als-prgn-praesidentin\/\"},\"wordCount\":2015,\"publisher\":{\"@id\":\"https:\/\/dev.cometis.de\/de\/#organization\"},\"image\":{\"@id\":\"https:\/\/dev.cometis.de\/de\/cometis-und-public-relations-global-network-prgn-waehlen-c-l-conroy-als-prgn-praesidentin\/#primaryimage\"},\"thumbnailUrl\":\"https:\/\/dev.cometis.de\/wp-content\/uploads\/2022\/03\/icon_newsroom.svg\",\"keywords\":[\"2018\"],\"articleSection\":[\"News\",\"PRGN\"],\"inLanguage\":\"de\"},{\"@type\":\"WebPage\",\"@id\":\"https:\/\/dev.cometis.de\/de\/cometis-und-public-relations-global-network-prgn-waehlen-c-l-conroy-als-prgn-praesidentin\/\",\"url\":\"https:\/\/dev.cometis.de\/de\/cometis-und-public-relations-global-network-prgn-waehlen-c-l-conroy-als-prgn-praesidentin\/\",\"name\":\"cometis und PRGN w\u00e4hlen C.L. Conroy als Pr\u00e4sidentin\",\"isPartOf\":{\"@id\":\"https:\/\/dev.cometis.de\/de\/#website\"},\"primaryImageOfPage\":{\"@id\":\"https:\/\/dev.cometis.de\/de\/cometis-und-public-relations-global-network-prgn-waehlen-c-l-conroy-als-prgn-praesidentin\/#primaryimage\"},\"image\":{\"@id\":\"https:\/\/dev.cometis.de\/de\/cometis-und-public-relations-global-network-prgn-waehlen-c-l-conroy-als-prgn-praesidentin\/#primaryimage\"},\"thumbnailUrl\":\"https:\/\/dev.cometis.de\/wp-content\/uploads\/2022\/03\/icon_newsroom.svg\",\"datePublished\":\"2018-05-18T15:35:20+00:00\",\"dateModified\":\"2022-04-22T06:27:12+00:00\",\"description\":\"cometis und PRGN w\u00e4hlen C.L. Conroy als PRGN-Pr\u00e4sidentin\",\"inLanguage\":\"de\",\"potentialAction\":[{\"@type\":\"ReadAction\",\"target\":[\"https:\/\/dev.cometis.de\/de\/cometis-und-public-relations-global-network-prgn-waehlen-c-l-conroy-als-prgn-praesidentin\/\"]}]},{\"@type\":\"ImageObject\",\"inLanguage\":\"de\",\"@id\":\"https:\/\/dev.cometis.de\/de\/cometis-und-public-relations-global-network-prgn-waehlen-c-l-conroy-als-prgn-praesidentin\/#primaryimage\",\"url\":\"https:\/\/dev.cometis.de\/wp-content\/uploads\/2022\/03\/icon_newsroom.svg\",\"contentUrl\":\"https:\/\/dev.cometis.de\/wp-content\/uploads\/2022\/03\/icon_newsroom.svg\",\"caption\":\"Icon Newsroom_news\"},{\"@type\":\"WebSite\",\"@id\":\"https:\/\/dev.cometis.de\/de\/#website\",\"url\":\"https:\/\/dev.cometis.de\/de\/\",\"name\":\"cometis AG\",\"description\":\"Deutschlands f\u00fchrende Investor Relations Agentur\",\"publisher\":{\"@id\":\"https:\/\/dev.cometis.de\/de\/#organization\"},\"potentialAction\":[{\"@type\":\"SearchAction\",\"target\":{\"@type\":\"EntryPoint\",\"urlTemplate\":\"https:\/\/dev.cometis.de\/de\/?s={search_term_string}\"},\"query-input\":{\"@type\":\"PropertyValueSpecification\",\"valueRequired\":true,\"valueName\":\"search_term_string\"}}],\"inLanguage\":\"de\"},{\"@type\":\"Organization\",\"@id\":\"https:\/\/dev.cometis.de\/de\/#organization\",\"name\":\"cometis AG\",\"alternateName\":\"Deutschlands f\u00fchrende Investor Relations Agentur\",\"url\":\"https:\/\/dev.cometis.de\/de\/\",\"logo\":{\"@type\":\"ImageObject\",\"inLanguage\":\"de\",\"@id\":\"https:\/\/dev.cometis.de\/de\/#\/schema\/logo\/image\/\",\"url\":\"https:\/\/dev.cometis.de\/wp-content\/uploads\/2022\/01\/Cometis-Mobile-Logo-1.png\",\"contentUrl\":\"https:\/\/dev.cometis.de\/wp-content\/uploads\/2022\/01\/Cometis-Mobile-Logo-1.png\",\"width\":171,\"height\":31,\"caption\":\"cometis AG\"},\"image\":{\"@id\":\"https:\/\/dev.cometis.de\/de\/#\/schema\/logo\/image\/\"}},{\"@type\":\"Person\",\"@id\":\"https:\/\/dev.cometis.de\/de\/#\/schema\/person\/0f6ec71e9167dd48a24950f3cc6b2003\",\"name\":\"Assistenz cometis AG\",\"image\":{\"@type\":\"ImageObject\",\"inLanguage\":\"de\",\"@id\":\"https:\/\/dev.cometis.de\/de\/#\/schema\/person\/image\/\",\"url\":\"https:\/\/secure.gravatar.com\/avatar\/d9db77bcddbfa0c99848135c21ae5b93?s=96&d=mm&r=g\",\"contentUrl\":\"https:\/\/secure.gravatar.com\/avatar\/d9db77bcddbfa0c99848135c21ae5b93?s=96&d=mm&r=g\",\"caption\":\"Assistenz cometis AG\"},\"url\":\"https:\/\/dev.cometis.de\/de\/author\/assistenz-cometis-ag\/\"}]}<\/script>\n<!-- \/ Yoast SEO plugin. -->","yoast_head_json":{"title":"cometis und PRGN w\u00e4hlen C.L. Conroy als Pr\u00e4sidentin","description":"cometis und PRGN w\u00e4hlen C.L. Conroy als PRGN-Pr\u00e4sidentin","robots":{"index":"noindex","follow":"follow","max-snippet":"max-snippet:-1","max-image-preview":"max-image-preview:large","max-video-preview":"max-video-preview:-1"},"og_locale":"de_DE","og_type":"article","og_title":"cometis und PRGN w\u00e4hlen C.L. Conroy als Pr\u00e4sidentin","og_description":"cometis und PRGN w\u00e4hlen C.L. Conroy als PRGN-Pr\u00e4sidentin","og_url":"https:\/\/dev.cometis.de\/de\/cometis-und-public-relations-global-network-prgn-waehlen-c-l-conroy-als-prgn-praesidentin\/","og_site_name":"cometis AG","article_published_time":"2018-05-18T15:35:20+00:00","article_modified_time":"2022-04-22T06:27:12+00:00","og_image":[{"url":"https:\/\/dev.cometis.de\/wp-content\/uploads\/2022\/03\/icon_newsroom.svg","width":1,"height":1,"type":"image\/png"}],"author":"Assistenz cometis AG","twitter_card":"summary_large_image","twitter_misc":{"Verfasst von":"Assistenz cometis AG","Gesch\u00e4tzte Lesezeit":"10\u00a0Minuten"},"schema":{"@context":"https:\/\/schema.org","@graph":[{"@type":"Article","@id":"https:\/\/dev.cometis.de\/de\/cometis-und-public-relations-global-network-prgn-waehlen-c-l-conroy-als-prgn-praesidentin\/#article","isPartOf":{"@id":"https:\/\/dev.cometis.de\/de\/cometis-und-public-relations-global-network-prgn-waehlen-c-l-conroy-als-prgn-praesidentin\/"},"author":{"name":"Assistenz cometis AG","@id":"https:\/\/dev.cometis.de\/de\/#\/schema\/person\/0f6ec71e9167dd48a24950f3cc6b2003"},"headline":"cometis und PRGN w\u00e4hlen C.L. Conroy als PRGN-Pr\u00e4sidentin","datePublished":"2018-05-18T15:35:20+00:00","dateModified":"2022-04-22T06:27:12+00:00","mainEntityOfPage":{"@id":"https:\/\/dev.cometis.de\/de\/cometis-und-public-relations-global-network-prgn-waehlen-c-l-conroy-als-prgn-praesidentin\/"},"wordCount":2015,"publisher":{"@id":"https:\/\/dev.cometis.de\/de\/#organization"},"image":{"@id":"https:\/\/dev.cometis.de\/de\/cometis-und-public-relations-global-network-prgn-waehlen-c-l-conroy-als-prgn-praesidentin\/#primaryimage"},"thumbnailUrl":"https:\/\/dev.cometis.de\/wp-content\/uploads\/2022\/03\/icon_newsroom.svg","keywords":["2018"],"articleSection":["News","PRGN"],"inLanguage":"de"},{"@type":"WebPage","@id":"https:\/\/dev.cometis.de\/de\/cometis-und-public-relations-global-network-prgn-waehlen-c-l-conroy-als-prgn-praesidentin\/","url":"https:\/\/dev.cometis.de\/de\/cometis-und-public-relations-global-network-prgn-waehlen-c-l-conroy-als-prgn-praesidentin\/","name":"cometis und PRGN w\u00e4hlen C.L. Conroy als Pr\u00e4sidentin","isPartOf":{"@id":"https:\/\/dev.cometis.de\/de\/#website"},"primaryImageOfPage":{"@id":"https:\/\/dev.cometis.de\/de\/cometis-und-public-relations-global-network-prgn-waehlen-c-l-conroy-als-prgn-praesidentin\/#primaryimage"},"image":{"@id":"https:\/\/dev.cometis.de\/de\/cometis-und-public-relations-global-network-prgn-waehlen-c-l-conroy-als-prgn-praesidentin\/#primaryimage"},"thumbnailUrl":"https:\/\/dev.cometis.de\/wp-content\/uploads\/2022\/03\/icon_newsroom.svg","datePublished":"2018-05-18T15:35:20+00:00","dateModified":"2022-04-22T06:27:12+00:00","description":"cometis und PRGN w\u00e4hlen C.L. Conroy als PRGN-Pr\u00e4sidentin","inLanguage":"de","potentialAction":[{"@type":"ReadAction","target":["https:\/\/dev.cometis.de\/de\/cometis-und-public-relations-global-network-prgn-waehlen-c-l-conroy-als-prgn-praesidentin\/"]}]},{"@type":"ImageObject","inLanguage":"de","@id":"https:\/\/dev.cometis.de\/de\/cometis-und-public-relations-global-network-prgn-waehlen-c-l-conroy-als-prgn-praesidentin\/#primaryimage","url":"https:\/\/dev.cometis.de\/wp-content\/uploads\/2022\/03\/icon_newsroom.svg","contentUrl":"https:\/\/dev.cometis.de\/wp-content\/uploads\/2022\/03\/icon_newsroom.svg","caption":"Icon Newsroom_news"},{"@type":"WebSite","@id":"https:\/\/dev.cometis.de\/de\/#website","url":"https:\/\/dev.cometis.de\/de\/","name":"cometis AG","description":"Deutschlands f\u00fchrende Investor Relations Agentur","publisher":{"@id":"https:\/\/dev.cometis.de\/de\/#organization"},"potentialAction":[{"@type":"SearchAction","target":{"@type":"EntryPoint","urlTemplate":"https:\/\/dev.cometis.de\/de\/?s={search_term_string}"},"query-input":{"@type":"PropertyValueSpecification","valueRequired":true,"valueName":"search_term_string"}}],"inLanguage":"de"},{"@type":"Organization","@id":"https:\/\/dev.cometis.de\/de\/#organization","name":"cometis AG","alternateName":"Deutschlands f\u00fchrende Investor Relations Agentur","url":"https:\/\/dev.cometis.de\/de\/","logo":{"@type":"ImageObject","inLanguage":"de","@id":"https:\/\/dev.cometis.de\/de\/#\/schema\/logo\/image\/","url":"https:\/\/dev.cometis.de\/wp-content\/uploads\/2022\/01\/Cometis-Mobile-Logo-1.png","contentUrl":"https:\/\/dev.cometis.de\/wp-content\/uploads\/2022\/01\/Cometis-Mobile-Logo-1.png","width":171,"height":31,"caption":"cometis AG"},"image":{"@id":"https:\/\/dev.cometis.de\/de\/#\/schema\/logo\/image\/"}},{"@type":"Person","@id":"https:\/\/dev.cometis.de\/de\/#\/schema\/person\/0f6ec71e9167dd48a24950f3cc6b2003","name":"Assistenz cometis AG","image":{"@type":"ImageObject","inLanguage":"de","@id":"https:\/\/dev.cometis.de\/de\/#\/schema\/person\/image\/","url":"https:\/\/secure.gravatar.com\/avatar\/d9db77bcddbfa0c99848135c21ae5b93?s=96&d=mm&r=g","contentUrl":"https:\/\/secure.gravatar.com\/avatar\/d9db77bcddbfa0c99848135c21ae5b93?s=96&d=mm&r=g","caption":"Assistenz cometis AG"},"url":"https:\/\/dev.cometis.de\/de\/author\/assistenz-cometis-ag\/"}]}},"_links":{"self":[{"href":"https:\/\/dev.cometis.de\/de\/wp-json\/wp\/v2\/posts\/14533","targetHints":{"allow":["GET"]}}],"collection":[{"href":"https:\/\/dev.cometis.de\/de\/wp-json\/wp\/v2\/posts"}],"about":[{"href":"https:\/\/dev.cometis.de\/de\/wp-json\/wp\/v2\/types\/post"}],"author":[{"embeddable":true,"href":"https:\/\/dev.cometis.de\/de\/wp-json\/wp\/v2\/users\/24813"}],"replies":[{"embeddable":true,"href":"https:\/\/dev.cometis.de\/de\/wp-json\/wp\/v2\/comments?post=14533"}],"version-history":[{"count":1,"href":"https:\/\/dev.cometis.de\/de\/wp-json\/wp\/v2\/posts\/14533\/revisions"}],"predecessor-version":[{"id":77058,"href":"https:\/\/dev.cometis.de\/de\/wp-json\/wp\/v2\/posts\/14533\/revisions\/77058"}],"wp:featuredmedia":[{"embeddable":true,"href":"https:\/\/dev.cometis.de\/de\/wp-json\/wp\/v2\/media\/54373"}],"wp:attachment":[{"href":"https:\/\/dev.cometis.de\/de\/wp-json\/wp\/v2\/media?parent=14533"}],"wp:term":[{"taxonomy":"category","embeddable":true,"href":"https:\/\/dev.cometis.de\/de\/wp-json\/wp\/v2\/categories?post=14533"},{"taxonomy":"post_tag","embeddable":true,"href":"https:\/\/dev.cometis.de\/de\/wp-json\/wp\/v2\/tags?post=14533"}],"curies":[{"name":"wp","href":"https:\/\/api.w.org\/{rel}","templated":true}]}}